{"id":4491,"date":"2023-06-07T14:09:54","date_gmt":"2023-06-07T14:09:54","guid":{"rendered":"https:\/\/www.potez.com\/contrat-general-atomics-do228-nxt\/"},"modified":"2023-07-07T13:53:16","modified_gmt":"2023-07-07T13:53:16","slug":"contrat-general-atomics-do228-nxt","status":"publish","type":"post","link":"https:\/\/www.potez.com\/es\/contrat-general-atomics-do228-nxt\/","title":{"rendered":"POTEZ AERONAUTICS CONSIGUE UN CONTRATO CON GENERAL ATOMICS PARA EL DO228 NXT"},"content":{"rendered":"\n<p><strong>POTEZ A\u00c9RONAUTIQUE ha obtenido un contrato del grupo alem\u00e1n General Atomics para la producci\u00f3n en serie del Dornier 228 Next Generation (Do228NXT).\u202f\u00a0<\/strong><\/p>\n\n<p>El lanzamiento se produce tras 40 a\u00f1os de \u00e9xitos del Dornier 228. La nueva generaci\u00f3n incorpora tecnolog\u00edas de \u00faltima generaci\u00f3n y mejores prestaciones, al tiempo que se ajusta a la reglamentaci\u00f3n medioambiental.&#13;\n&#13;\n<em><strong>&#8220;Estamos muy contentos de haber sido seleccionados por General Atomics AeroTec Systems para fabricar el fuselaje del avi\u00f3n Do228 NXT, un elemento fundamental de la aeronave. Nos gustar\u00eda expresar nuestra gratitud a GA-ATS por la confianza que ha depositado en nuestro equipo y por permitirnos contribuir al nuevo lanzamiento del programa alem\u00e1n Do228 NXT&#8221;<\/strong><\/em>, afirma Antoine Potez, Presidente y Director General de POTEZ A\u00c9RONAUTIQUE.<\/p>\n\n<p><\/p>\n\n<h2 class=\"wp-block-heading\">Colaboraci\u00f3n estrategia, valorizaci\u00f3n de los saber hacer y creaci\u00f3n de empleo\u202f <\/h2>\n\n<p>La producci\u00f3n se llevar\u00e1 a t\u00e9rmino en las oficinas de Aire-sur-l&#8217;Adour. Las piezas elementales y las secciones del fuselaje se entregar\u00e1n en Oberpfaffenhofen, donde el fabricante aeron\u00e1utico alem\u00e1n realizar\u00e1 el montaje final.&#13;\n&#13;\nPOTEZ A\u00c9RONAUTIQUE domina todo el proceso de producci\u00f3n de montajes de aeroestructuras met\u00e1licas y de materiales compuestos. Antoine Potez, Presidente y Director General del Grupo, est\u00e1 encantado con la pr\u00f3xima colaboraci\u00f3n: &#8220;Este contrato es el reconocimiento de la experiencia y los grandes oficios t\u00e9cnicos de nuestro equipo en la producci\u00f3n de componentes complejos de aeroestructuras.&#8221;&#13;\n&#13;\nEste contrato generar\u00e1 pr\u00f3ximamente <strong>35 empleos directos suplementarios<\/strong> en Aire-sur-l&#8217;Adour y otros tantos indirectos a trav\u00e9s de la cadena de subcontrataci\u00f3n de Potez A\u00e9ronautique, en profesiones tan variadas como <strong>montadores, caldereros, t\u00e9cnicos de m\u00e9todos y calidad, ingenieros de proyectos, jefes de producci\u00f3n<\/strong>, etc.<\/p>\n\n<figure class=\"wp-block-gallery has-nested-images columns-default is-cropped wp-block-gallery-1 is-layout-flex wp-block-gallery-is-layout-flex\">\n<figure class=\"wp-block-image size-large\"><img loading=\"lazy\" decoding=\"async\" width=\"1024\" height=\"697\" data-id=\"4369\" src=\"https:\/\/www.potez.com\/wp-content\/uploads\/2023\/06\/General-Atomics-equipe-1-1024x697.jpg\" alt=\"\" class=\"wp-image-4369\" srcset=\"https:\/\/www.potez.com\/wp-content\/uploads\/2023\/06\/General-Atomics-equipe-1-1024x697.jpg 1024w, https:\/\/www.potez.com\/wp-content\/uploads\/2023\/06\/General-Atomics-equipe-1-300x204.jpg 300w, https:\/\/www.potez.com\/wp-content\/uploads\/2023\/06\/General-Atomics-equipe-1-768x523.jpg 768w, https:\/\/www.potez.com\/wp-content\/uploads\/2023\/06\/General-Atomics-equipe-1-1536x1045.jpg 1536w, https:\/\/www.potez.com\/wp-content\/uploads\/2023\/06\/General-Atomics-equipe-1.jpg 2000w\" sizes=\"auto, (max-width: 1024px) 100vw, 1024px\" \/><\/figure>\n\n\n\n<figure class=\"wp-block-image size-large\"><img loading=\"lazy\" decoding=\"async\" width=\"1024\" height=\"682\" data-id=\"4372\" src=\"https:\/\/www.potez.com\/wp-content\/uploads\/2023\/06\/General-Atomics-1-1024x682.jpg\" alt=\"\" class=\"wp-image-4372\" srcset=\"https:\/\/www.potez.com\/wp-content\/uploads\/2023\/06\/General-Atomics-1-1024x682.jpg 1024w, https:\/\/www.potez.com\/wp-content\/uploads\/2023\/06\/General-Atomics-1-300x200.jpg 300w, https:\/\/www.potez.com\/wp-content\/uploads\/2023\/06\/General-Atomics-1-768x512.jpg 768w, https:\/\/www.potez.com\/wp-content\/uploads\/2023\/06\/General-Atomics-1-1536x1024.jpg 1536w, https:\/\/www.potez.com\/wp-content\/uploads\/2023\/06\/General-Atomics-1.jpg 2000w\" sizes=\"auto, (max-width: 1024px) 100vw, 1024px\" \/><\/figure>\n<\/figure>\n\n<p><\/p>\n\n<h2 class=\"wp-block-heading\">Tecnolog\u00eda punta <\/h2>\n\n<p><strong>El Do228 NXT integra tecnolog\u00edas de \u00faltima generaci\u00f3n que satisfacen las exigencias de la industria aeron\u00e1utica actual<\/strong>. El avi\u00f3n es ideal para vuelos de misiones especiales. Se reforzar\u00e1 y mejorar\u00e1 el piloto autom\u00e1tico digital, lo que contribuir\u00e1 a optimizar el consumo de combustible y la planificaci\u00f3n del vuelo del Do228 NXT. Se ha optimizado la interfaz humana y se ha simplificado el manejo para asegurar la m\u00e1xima fiabilidad operativa.&#13;\n&#13;\nEl Do228 NXT no s\u00f3lo se distingue por sus caracter\u00edsticas, sino que su interior tambi\u00e9n est\u00e1 recibiendo una importante actualizaci\u00f3n: la cabina estar\u00e1 equipada con iluminaci\u00f3n LED de \u00faltima tecnolog\u00eda y sistemas mejorados de aire acondicionado y ventilaci\u00f3n. Adem\u00e1s, se est\u00e1 actualizando el proceso de protecci\u00f3n de la superficie de la aeronave para cumplir la normativa medioambiental vigente, como los requisitos REACH.&#13;\n&#13;\nGeneral Atomics AeroTec Systems se est\u00e1 encargando de la producci\u00f3n en peque\u00f1a serie del avi\u00f3n en Oberpfaffenhofen, produciendo hasta cinco Do228 NXT al a\u00f1o.<\/p>\n\n<p><\/p>\n\n<h2 class=\"wp-block-heading\">Un avi\u00f3n polivalente con una gran variedad de misiones\u202f<\/h2>\n\n<p>El Do228 NXT se basa en el avi\u00f3n de gran prestigio Dornier 228. Su optimizaci\u00f3n t\u00e9cnica cumple todos los actuales requisitos de seguridad y consumo optimizado de combustible, tanto para el transporte de pasajeros como para misiones especiales.\u202f &#13;\nEl Do228 se utiliza en todo el mundo para las patrullas mar\u00edtimas, la lucha contra la contaminaci\u00f3n, las misiones de investigaci\u00f3n y rescate, la vigilancia de fronteras, las misiones de reconocimiento, as\u00ed como para el transporte ligero (carga, paracaidistas, pasajeros, evacuaciones m\u00e9dicas).\u202f <\/p>\n\n<figure class=\"wp-block-image size-large is-style-default\"><img loading=\"lazy\" decoding=\"async\" width=\"1024\" height=\"1024\" src=\"https:\/\/www.potez.com\/wp-content\/uploads\/2023\/06\/Potez-Aeronautique-CP_Do228-NXT-General-Atomics-1024x1024.jpg\" alt=\"Potez A&#xE9;ronautique gana el contrato Do228 NXT de General Atomics\" class=\"wp-image-4360\" srcset=\"https:\/\/www.potez.com\/wp-content\/uploads\/2023\/06\/Potez-Aeronautique-CP_Do228-NXT-General-Atomics-1024x1024.jpg 1024w, https:\/\/www.potez.com\/wp-content\/uploads\/2023\/06\/Potez-Aeronautique-CP_Do228-NXT-General-Atomics-300x300.jpg 300w, https:\/\/www.potez.com\/wp-content\/uploads\/2023\/06\/Potez-Aeronautique-CP_Do228-NXT-General-Atomics-150x150.jpg 150w, https:\/\/www.potez.com\/wp-content\/uploads\/2023\/06\/Potez-Aeronautique-CP_Do228-NXT-General-Atomics-768x768.jpg 768w, https:\/\/www.potez.com\/wp-content\/uploads\/2023\/06\/Potez-Aeronautique-CP_Do228-NXT-General-Atomics.jpg 1080w\" sizes=\"auto, (max-width: 1024px) 100vw, 1024px\" \/><\/figure>\n\n<p><\/p>\n\n<h2 class=\"wp-block-heading\">Presencia de los dos grupos asociados en Le Bourget 2023\u202f<\/h2>\n\n<p><strong><a href=\"https:\/\/www.ga-ats.com\/en\/site__851\/?\">\u202fGeneral Atomics<\/a> y POTEZ A\u00c9RONAUTIQUE estar\u00e1n presentes en el SIAE<\/strong>, Salon International de l&#8217;A\u00e9ronautique et de l&#8217;Espace, que se celebrar\u00e1 en Le Bourget, Francia, del <strong>19 al 22 de junio de 2023<\/strong>.<\/p>\n\n<p>El equipo de POTEZ A\u00c9RONAUTIQUE estar\u00e1 en el stand C139 del pabell\u00f3n 2B para responder a las preguntas sobre el programa y sus especificidades, as\u00ed como para hacer una presentaci\u00f3n m\u00e1s amplia de sus distintos \u00e1mbitos de competencia.<\/p>\n\n<div class=\"wp-block-file\"><a id=\"wp-block-file--media-f1382965-f4c9-40fb-acaa-bc1c7d88416d\" href=\"https:\/\/www.potez.com\/wp-content\/uploads\/2023\/06\/CP-Do-228-General-Atomics.pdf\">Mayo de 2023 &#8211; POTEZ A\u00c9RONAUTIQUE RECUPERA EL CONTRATO DO228 NXT<\/a><a href=\"https:\/\/www.potez.com\/wp-content\/uploads\/2023\/06\/CP-Do-228-General-Atomics.pdf\" class=\"wp-block-file__button wp-element-button\" download=\"\" aria-describedby=\"wp-block-file--media-f1382965-f4c9-40fb-acaa-bc1c7d88416d\">Descargar<\/a><\/div>\n","protected":false},"excerpt":{"rendered":"<p>POTEZ A\u00c9RONAUTIQUE ha obtenido un contrato para el nuevo programa Do228 NXT de General Atomics, un avi\u00f3n ultramultiprop\u00f3sito.<\/p>\n","protected":false},"author":2,"featured_media":4331,"comment_status":"closed","ping_status":"closed","sticky":false,"template":"","format":"standard","meta":{"_acf_changed":false,"footnotes":""},"categories":[64],"tags":[223,224,225,226,227],"class_list":["post-4491","post","type-post","status-publish","format-standard","has-post-thumbnail","hentry","category-nuevo-contrato","tag-do228-nxt-es","tag-fuselage-es","tag-general-atomics-es","tag-patrouille-maritime-es","tag-savoir-faire-es"],"acf":[],"yoast_head":"<!-- This site is optimized with the Yoast SEO plugin v27.5 - https:\/\/yoast.com\/product\/yoast-seo-wordpress\/ -->\n<title>Nuevo contracto Do 228NXT - Potez A\u00e9ronautique<\/title>\n<meta name=\"description\" content=\"POTEZ A\u00c9RONAUTIQUE ha obtenido un contrato del grupo alem\u00e1n General Atomics para la producci\u00f3n en serie del Dornier 228 Next Generation (Do228NXT).\u202f\" \/>\n<meta name=\"robots\" content=\"index, follow, max-snippet:-1, max-image-preview:large, max-video-preview:-1\" \/>\n<link rel=\"canonical\" href=\"https:\/\/www.potez.com\/es\/contrat-general-atomics-do228-nxt\/\" \/>\n<meta property=\"og:locale\" content=\"es_ES\" \/>\n<meta property=\"og:type\" content=\"article\" \/>\n<meta property=\"og:title\" content=\"Nuevo contracto Do 228NXT - Potez A\u00e9ronautique\" \/>\n<meta property=\"og:description\" content=\"POTEZ A\u00c9RONAUTIQUE ha obtenido un contrato del grupo alem\u00e1n General Atomics para la producci\u00f3n en serie del Dornier 228 Next Generation (Do228NXT).\u202f\" \/>\n<meta property=\"og:url\" content=\"https:\/\/www.potez.com\/es\/contrat-general-atomics-do228-nxt\/\" \/>\n<meta property=\"og:site_name\" content=\"Potez A\u00e9ronautique\" \/>\n<meta property=\"article:published_time\" content=\"2023-06-07T14:09:54+00:00\" \/>\n<meta property=\"article:modified_time\" content=\"2023-07-07T13:53:16+00:00\" \/>\n<meta property=\"og:image\" content=\"https:\/\/www.potez.com\/wp-content\/uploads\/2023\/06\/Do228-NXT_1-1024x683.png\" \/>\n\t<meta property=\"og:image:width\" content=\"1024\" \/>\n\t<meta property=\"og:image:height\" content=\"683\" \/>\n\t<meta property=\"og:image:type\" content=\"image\/png\" \/>\n<meta name=\"author\" content=\"Jean-Baptiste Levesque ADMIN\" \/>\n<meta name=\"twitter:card\" content=\"summary_large_image\" \/>\n<meta name=\"twitter:label1\" content=\"Escrito por\" \/>\n\t<meta name=\"twitter:data1\" content=\"Jean-Baptiste Levesque ADMIN\" \/>\n\t<meta name=\"twitter:label2\" content=\"Tiempo de lectura\" \/>\n\t<meta name=\"twitter:data2\" content=\"3 minutos\" \/>\n<script type=\"application\/ld+json\" class=\"yoast-schema-graph\">{\"@context\":\"https:\\\/\\\/schema.org\",\"@graph\":[{\"@type\":\"Article\",\"@id\":\"https:\\\/\\\/www.potez.com\\\/es\\\/contrat-general-atomics-do228-nxt\\\/#article\",\"isPartOf\":{\"@id\":\"https:\\\/\\\/www.potez.com\\\/es\\\/contrat-general-atomics-do228-nxt\\\/\"},\"author\":{\"name\":\"Jean-Baptiste Levesque ADMIN\",\"@id\":\"https:\\\/\\\/www.potez.com\\\/es\\\/#\\\/schema\\\/person\\\/d876f086b710b7d1fe07e232f60b35f1\"},\"headline\":\"POTEZ AERONAUTICS CONSIGUE UN CONTRATO CON GENERAL ATOMICS PARA EL DO228 NXT\",\"datePublished\":\"2023-06-07T14:09:54+00:00\",\"dateModified\":\"2023-07-07T13:53:16+00:00\",\"mainEntityOfPage\":{\"@id\":\"https:\\\/\\\/www.potez.com\\\/es\\\/contrat-general-atomics-do228-nxt\\\/\"},\"wordCount\":675,\"image\":{\"@id\":\"https:\\\/\\\/www.potez.com\\\/es\\\/contrat-general-atomics-do228-nxt\\\/#primaryimage\"},\"thumbnailUrl\":\"https:\\\/\\\/www.potez.com\\\/wp-content\\\/uploads\\\/2023\\\/06\\\/Do228-NXT_1.png\",\"keywords\":[\"Do228 NXT\",\"Fuselage\",\"General Atomics\",\"Patrouille Maritime\",\"Savoir-faire\"],\"articleSection\":[\"NUEVO CONTRATO\"],\"inLanguage\":\"es\"},{\"@type\":\"WebPage\",\"@id\":\"https:\\\/\\\/www.potez.com\\\/es\\\/contrat-general-atomics-do228-nxt\\\/\",\"url\":\"https:\\\/\\\/www.potez.com\\\/es\\\/contrat-general-atomics-do228-nxt\\\/\",\"name\":\"Nuevo contracto Do 228NXT - Potez A\u00e9ronautique\",\"isPartOf\":{\"@id\":\"https:\\\/\\\/www.potez.com\\\/es\\\/#website\"},\"primaryImageOfPage\":{\"@id\":\"https:\\\/\\\/www.potez.com\\\/es\\\/contrat-general-atomics-do228-nxt\\\/#primaryimage\"},\"image\":{\"@id\":\"https:\\\/\\\/www.potez.com\\\/es\\\/contrat-general-atomics-do228-nxt\\\/#primaryimage\"},\"thumbnailUrl\":\"https:\\\/\\\/www.potez.com\\\/wp-content\\\/uploads\\\/2023\\\/06\\\/Do228-NXT_1.png\",\"datePublished\":\"2023-06-07T14:09:54+00:00\",\"dateModified\":\"2023-07-07T13:53:16+00:00\",\"author\":{\"@id\":\"https:\\\/\\\/www.potez.com\\\/es\\\/#\\\/schema\\\/person\\\/d876f086b710b7d1fe07e232f60b35f1\"},\"description\":\"POTEZ A\u00c9RONAUTIQUE ha obtenido un contrato del grupo alem\u00e1n General Atomics para la producci\u00f3n en serie del Dornier 228 Next Generation (Do228NXT).\u202f\",\"breadcrumb\":{\"@id\":\"https:\\\/\\\/www.potez.com\\\/es\\\/contrat-general-atomics-do228-nxt\\\/#breadcrumb\"},\"inLanguage\":\"es\",\"potentialAction\":[{\"@type\":\"ReadAction\",\"target\":[\"https:\\\/\\\/www.potez.com\\\/es\\\/contrat-general-atomics-do228-nxt\\\/\"]}]},{\"@type\":\"ImageObject\",\"inLanguage\":\"es\",\"@id\":\"https:\\\/\\\/www.potez.com\\\/es\\\/contrat-general-atomics-do228-nxt\\\/#primaryimage\",\"url\":\"https:\\\/\\\/www.potez.com\\\/wp-content\\\/uploads\\\/2023\\\/06\\\/Do228-NXT_1.png\",\"contentUrl\":\"https:\\\/\\\/www.potez.com\\\/wp-content\\\/uploads\\\/2023\\\/06\\\/Do228-NXT_1.png\",\"width\":1920,\"height\":1280,\"caption\":\"Le Landais Potez A\u00e9ronautique fabriquera le fuselage du nouveau Dornier 228 NXT (latribune.fr)\"},{\"@type\":\"BreadcrumbList\",\"@id\":\"https:\\\/\\\/www.potez.com\\\/es\\\/contrat-general-atomics-do228-nxt\\\/#breadcrumb\",\"itemListElement\":[{\"@type\":\"ListItem\",\"position\":1,\"name\":\"HOME\",\"item\":\"https:\\\/\\\/www.potez.com\\\/es\\\/\"},{\"@type\":\"ListItem\",\"position\":2,\"name\":\"POTEZ AERONAUTICS CONSIGUE UN CONTRATO CON GENERAL ATOMICS PARA EL DO228 NXT\"}]},{\"@type\":\"WebSite\",\"@id\":\"https:\\\/\\\/www.potez.com\\\/es\\\/#website\",\"url\":\"https:\\\/\\\/www.potez.com\\\/es\\\/\",\"name\":\"Potez A\u00e9ronautique\",\"description\":\"L&#039;innovation en h\u00e9ritage\",\"potentialAction\":[{\"@type\":\"SearchAction\",\"target\":{\"@type\":\"EntryPoint\",\"urlTemplate\":\"https:\\\/\\\/www.potez.com\\\/es\\\/?s={search_term_string}\"},\"query-input\":{\"@type\":\"PropertyValueSpecification\",\"valueRequired\":true,\"valueName\":\"search_term_string\"}}],\"inLanguage\":\"es\"},{\"@type\":\"Person\",\"@id\":\"https:\\\/\\\/www.potez.com\\\/es\\\/#\\\/schema\\\/person\\\/d876f086b710b7d1fe07e232f60b35f1\",\"name\":\"Jean-Baptiste Levesque ADMIN\",\"image\":{\"@type\":\"ImageObject\",\"inLanguage\":\"es\",\"@id\":\"https:\\\/\\\/secure.gravatar.com\\\/avatar\\\/3d6aa295287b2c4162e53d752a926af8b4dccf4f6cd6f37ab07351c2aa16791c?s=96&d=mm&r=g\",\"url\":\"https:\\\/\\\/secure.gravatar.com\\\/avatar\\\/3d6aa295287b2c4162e53d752a926af8b4dccf4f6cd6f37ab07351c2aa16791c?s=96&d=mm&r=g\",\"contentUrl\":\"https:\\\/\\\/secure.gravatar.com\\\/avatar\\\/3d6aa295287b2c4162e53d752a926af8b4dccf4f6cd6f37ab07351c2aa16791c?s=96&d=mm&r=g\",\"caption\":\"Jean-Baptiste Levesque ADMIN\"}}]}<\/script>\n<!-- \/ Yoast SEO plugin. -->","yoast_head_json":{"title":"Nuevo contracto Do 228NXT - Potez A\u00e9ronautique","description":"POTEZ A\u00c9RONAUTIQUE ha obtenido un contrato del grupo alem\u00e1n General Atomics para la producci\u00f3n en serie del Dornier 228 Next Generation (Do228NXT).\u202f","robots":{"index":"index","follow":"follow","max-snippet":"max-snippet:-1","max-image-preview":"max-image-preview:large","max-video-preview":"max-video-preview:-1"},"canonical":"https:\/\/www.potez.com\/es\/contrat-general-atomics-do228-nxt\/","og_locale":"es_ES","og_type":"article","og_title":"Nuevo contracto Do 228NXT - Potez A\u00e9ronautique","og_description":"POTEZ A\u00c9RONAUTIQUE ha obtenido un contrato del grupo alem\u00e1n General Atomics para la producci\u00f3n en serie del Dornier 228 Next Generation (Do228NXT).\u202f","og_url":"https:\/\/www.potez.com\/es\/contrat-general-atomics-do228-nxt\/","og_site_name":"Potez A\u00e9ronautique","article_published_time":"2023-06-07T14:09:54+00:00","article_modified_time":"2023-07-07T13:53:16+00:00","og_image":[{"width":1024,"height":683,"url":"https:\/\/www.potez.com\/wp-content\/uploads\/2023\/06\/Do228-NXT_1-1024x683.png","type":"image\/png"}],"author":"Jean-Baptiste Levesque ADMIN","twitter_card":"summary_large_image","twitter_misc":{"Escrito por":"Jean-Baptiste Levesque ADMIN","Tiempo de lectura":"3 minutos"},"schema":{"@context":"https:\/\/schema.org","@graph":[{"@type":"Article","@id":"https:\/\/www.potez.com\/es\/contrat-general-atomics-do228-nxt\/#article","isPartOf":{"@id":"https:\/\/www.potez.com\/es\/contrat-general-atomics-do228-nxt\/"},"author":{"name":"Jean-Baptiste Levesque ADMIN","@id":"https:\/\/www.potez.com\/es\/#\/schema\/person\/d876f086b710b7d1fe07e232f60b35f1"},"headline":"POTEZ AERONAUTICS CONSIGUE UN CONTRATO CON GENERAL ATOMICS PARA EL DO228 NXT","datePublished":"2023-06-07T14:09:54+00:00","dateModified":"2023-07-07T13:53:16+00:00","mainEntityOfPage":{"@id":"https:\/\/www.potez.com\/es\/contrat-general-atomics-do228-nxt\/"},"wordCount":675,"image":{"@id":"https:\/\/www.potez.com\/es\/contrat-general-atomics-do228-nxt\/#primaryimage"},"thumbnailUrl":"https:\/\/www.potez.com\/wp-content\/uploads\/2023\/06\/Do228-NXT_1.png","keywords":["Do228 NXT","Fuselage","General Atomics","Patrouille Maritime","Savoir-faire"],"articleSection":["NUEVO CONTRATO"],"inLanguage":"es"},{"@type":"WebPage","@id":"https:\/\/www.potez.com\/es\/contrat-general-atomics-do228-nxt\/","url":"https:\/\/www.potez.com\/es\/contrat-general-atomics-do228-nxt\/","name":"Nuevo contracto Do 228NXT - Potez A\u00e9ronautique","isPartOf":{"@id":"https:\/\/www.potez.com\/es\/#website"},"primaryImageOfPage":{"@id":"https:\/\/www.potez.com\/es\/contrat-general-atomics-do228-nxt\/#primaryimage"},"image":{"@id":"https:\/\/www.potez.com\/es\/contrat-general-atomics-do228-nxt\/#primaryimage"},"thumbnailUrl":"https:\/\/www.potez.com\/wp-content\/uploads\/2023\/06\/Do228-NXT_1.png","datePublished":"2023-06-07T14:09:54+00:00","dateModified":"2023-07-07T13:53:16+00:00","author":{"@id":"https:\/\/www.potez.com\/es\/#\/schema\/person\/d876f086b710b7d1fe07e232f60b35f1"},"description":"POTEZ A\u00c9RONAUTIQUE ha obtenido un contrato del grupo alem\u00e1n General Atomics para la producci\u00f3n en serie del Dornier 228 Next Generation (Do228NXT).\u202f","breadcrumb":{"@id":"https:\/\/www.potez.com\/es\/contrat-general-atomics-do228-nxt\/#breadcrumb"},"inLanguage":"es","potentialAction":[{"@type":"ReadAction","target":["https:\/\/www.potez.com\/es\/contrat-general-atomics-do228-nxt\/"]}]},{"@type":"ImageObject","inLanguage":"es","@id":"https:\/\/www.potez.com\/es\/contrat-general-atomics-do228-nxt\/#primaryimage","url":"https:\/\/www.potez.com\/wp-content\/uploads\/2023\/06\/Do228-NXT_1.png","contentUrl":"https:\/\/www.potez.com\/wp-content\/uploads\/2023\/06\/Do228-NXT_1.png","width":1920,"height":1280,"caption":"Le Landais Potez A\u00e9ronautique fabriquera le fuselage du nouveau Dornier 228 NXT (latribune.fr)"},{"@type":"BreadcrumbList","@id":"https:\/\/www.potez.com\/es\/contrat-general-atomics-do228-nxt\/#breadcrumb","itemListElement":[{"@type":"ListItem","position":1,"name":"HOME","item":"https:\/\/www.potez.com\/es\/"},{"@type":"ListItem","position":2,"name":"POTEZ AERONAUTICS CONSIGUE UN CONTRATO CON GENERAL ATOMICS PARA EL DO228 NXT"}]},{"@type":"WebSite","@id":"https:\/\/www.potez.com\/es\/#website","url":"https:\/\/www.potez.com\/es\/","name":"Potez A\u00e9ronautique","description":"L&#039;innovation en h\u00e9ritage","potentialAction":[{"@type":"SearchAction","target":{"@type":"EntryPoint","urlTemplate":"https:\/\/www.potez.com\/es\/?s={search_term_string}"},"query-input":{"@type":"PropertyValueSpecification","valueRequired":true,"valueName":"search_term_string"}}],"inLanguage":"es"},{"@type":"Person","@id":"https:\/\/www.potez.com\/es\/#\/schema\/person\/d876f086b710b7d1fe07e232f60b35f1","name":"Jean-Baptiste Levesque ADMIN","image":{"@type":"ImageObject","inLanguage":"es","@id":"https:\/\/secure.gravatar.com\/avatar\/3d6aa295287b2c4162e53d752a926af8b4dccf4f6cd6f37ab07351c2aa16791c?s=96&d=mm&r=g","url":"https:\/\/secure.gravatar.com\/avatar\/3d6aa295287b2c4162e53d752a926af8b4dccf4f6cd6f37ab07351c2aa16791c?s=96&d=mm&r=g","contentUrl":"https:\/\/secure.gravatar.com\/avatar\/3d6aa295287b2c4162e53d752a926af8b4dccf4f6cd6f37ab07351c2aa16791c?s=96&d=mm&r=g","caption":"Jean-Baptiste Levesque ADMIN"}}]}},"_links":{"self":[{"href":"https:\/\/www.potez.com\/es\/wp-json\/wp\/v2\/posts\/4491","targetHints":{"allow":["GET"]}}],"collection":[{"href":"https:\/\/www.potez.com\/es\/wp-json\/wp\/v2\/posts"}],"about":[{"href":"https:\/\/www.potez.com\/es\/wp-json\/wp\/v2\/types\/post"}],"author":[{"embeddable":true,"href":"https:\/\/www.potez.com\/es\/wp-json\/wp\/v2\/users\/2"}],"replies":[{"embeddable":true,"href":"https:\/\/www.potez.com\/es\/wp-json\/wp\/v2\/comments?post=4491"}],"version-history":[{"count":0,"href":"https:\/\/www.potez.com\/es\/wp-json\/wp\/v2\/posts\/4491\/revisions"}],"wp:featuredmedia":[{"embeddable":true,"href":"https:\/\/www.potez.com\/es\/wp-json\/wp\/v2\/media\/4331"}],"wp:attachment":[{"href":"https:\/\/www.potez.com\/es\/wp-json\/wp\/v2\/media?parent=4491"}],"wp:term":[{"taxonomy":"category","embeddable":true,"href":"https:\/\/www.potez.com\/es\/wp-json\/wp\/v2\/categories?post=4491"},{"taxonomy":"post_tag","embeddable":true,"href":"https:\/\/www.potez.com\/es\/wp-json\/wp\/v2\/tags?post=4491"}],"curies":[{"name":"wp","href":"https:\/\/api.w.org\/{rel}","templated":true}]}}