{"id":4340,"date":"2023-06-15T07:03:51","date_gmt":"2023-06-15T07:03:51","guid":{"rendered":"https:\/\/www.potez.com\/?p=4340"},"modified":"2023-07-20T08:36:02","modified_gmt":"2023-07-20T08:36:02","slug":"le-landais-potez-aeronautique-fabriquera-le-fuselage-du-nouveau-dornier-228-nxt-la-tribune-bordeaux","status":"publish","type":"post","link":"https:\/\/www.potez.com\/es\/le-landais-potez-aeronautique-fabriquera-le-fuselage-du-nouveau-dornier-228-nxt-la-tribune-bordeaux\/","title":{"rendered":"La Tribune revient sur le nouveau contrat remport\u00e9 par Potez A\u00e9ronautique"},"content":{"rendered":"\n<p><strong>La Tribune, journal \u00e9conomique et financier fran\u00e7ais, publie un article le 13 juin 2023 \u00e0 propos de l&#8217;obtention du nouveau contrat remport\u00e9 par POTEZ A\u00c9RONAUTIQUE pour la fabrication du fuselage du Do228 NXT.<br><\/strong><\/p>\n\n\n\n<p>L&#8217;article intitul\u00e9 <strong><a href=\"https:\/\/objectifaquitaine.latribune.fr\/business\/2023-06-13\/le-landais-potez-aeronautique-fabriquera-le-fuselage-du-nouveau-dornier-228-965570.html\">Le Landais Potez A\u00e9ronautique fabriquera le fuselage du nouveau Dornier 228 NXT (latribune.fr)<\/a><\/strong> met en avant l&#8217;\u00e9quipementier\u00a0<a href=\"https:\/\/www.linkedin.com\/company\/potez-aeronautique\/\">POTEZ A\u00c9RONAUTIQUE<\/a>. En effet, l&#8217;industriel\u00a0vient de d\u00e9crocher un contrat de cinq ans pour fabriquer le fuselage de 5 exemplaires du\u00a0<a href=\"https:\/\/www.linkedin.com\/feed\/hashtag\/?keywords=dornier&amp;highlightedUpdateUrns=urn%3Ali%3Aactivity%3A7074259283961368577\">#Dornier<\/a>\u00a0228 NXT pour le compte de\u00a0<a href=\"https:\/\/www.linkedin.com\/company\/general-atomics-aerotec-systems\/\">General Atomics AeroTec Systems<\/a>. <\/p>\n\n\n\n<figure class=\"wp-block-image size-large\"><img loading=\"lazy\" decoding=\"async\" width=\"1024\" height=\"683\" src=\"https:\/\/www.potez.com\/wp-content\/uploads\/2023\/06\/Do228-NXT_1-1024x683.png\" alt=\"Le Landais Potez A\u00e9ronautique fabriquera le fuselage du nouveau Dornier 228 NXT (latribune.fr)\" class=\"wp-image-4329\" srcset=\"https:\/\/www.potez.com\/wp-content\/uploads\/2023\/06\/Do228-NXT_1-1024x683.png 1024w, https:\/\/www.potez.com\/wp-content\/uploads\/2023\/06\/Do228-NXT_1-300x200.png 300w, https:\/\/www.potez.com\/wp-content\/uploads\/2023\/06\/Do228-NXT_1-768x512.png 768w, https:\/\/www.potez.com\/wp-content\/uploads\/2023\/06\/Do228-NXT_1-1536x1024.png 1536w, https:\/\/www.potez.com\/wp-content\/uploads\/2023\/06\/Do228-NXT_1.png 1920w\" sizes=\"auto, (max-width: 1024px) 100vw, 1024px\" \/><figcaption class=\"wp-element-caption\">Le Landais Potez A\u00e9ronautique fabriquera le fuselage du nouveau Dornier 228 NXT. Cr\u00e9dits : General Atomics Aerotec.<\/figcaption><\/figure>\n\n\n\n<p>L&#8217;article insiste sur le fait qu&#8217;il s&#8217;agit d&#8217;une premi\u00e8re pour l&#8217;entreprise landaise centenaire, dirig\u00e9e par&nbsp;<a href=\"https:\/\/www.linkedin.com\/in\/ACoAAAVLg_cBbm89-6dhKyLHkCM9hMn5fudm6wA\">Antoine Potez<\/a>. Le journalise souligne que le groupe conna\u00eet une forte croissance depuis trois ans et dispose d\u00e9sormais de ses propres centres de formations qualifiantes. <\/p>\n\n\n\n<p><span style=\"text-decoration: underline;\">Extrait de l&#8217;article :<\/span> &#8220;Produit par l\u2019avionneur allemand Dornier de 1981 \u00e0 1998, le Dornier 228 est d\u00e9sormais fabriqu\u00e9 dans une nouvelle version \u00ab Next Generation \u00bb par le constructeur General Atomics AeroTec Systems, toujours \u00e0 Oberpfaffenhofen (Allemagne). L&#8217;avion est connu pour sa polyvalence et ses performance sur terrains courts.&#8221;<\/p>\n\n\n\n<figure class=\"wp-block-image size-large\"><img loading=\"lazy\" decoding=\"async\" width=\"1024\" height=\"682\" src=\"https:\/\/www.potez.com\/wp-content\/uploads\/2023\/06\/oct2012-189_GROUPE_General-1024x682.jpg\" alt=\"\" class=\"wp-image-4658\" srcset=\"https:\/\/www.potez.com\/wp-content\/uploads\/2023\/06\/oct2012-189_GROUPE_General-1024x682.jpg 1024w, https:\/\/www.potez.com\/wp-content\/uploads\/2023\/06\/oct2012-189_GROUPE_General-300x200.jpg 300w, https:\/\/www.potez.com\/wp-content\/uploads\/2023\/06\/oct2012-189_GROUPE_General-768x511.jpg 768w, https:\/\/www.potez.com\/wp-content\/uploads\/2023\/06\/oct2012-189_GROUPE_General-1536x1022.jpg 1536w, https:\/\/www.potez.com\/wp-content\/uploads\/2023\/06\/oct2012-189_GROUPE_General-2048x1363.jpg 2048w\" sizes=\"auto, (max-width: 1024px) 100vw, 1024px\" \/><figcaption class=\"wp-element-caption\">Le site industriel Potez A\u00e9ronautique d&#8217;Aire-sur-l&#8217;Adour<\/figcaption><\/figure>\n\n\n\n<p>\u00ab&nbsp;<em>C&#8217;est une nouveaut\u00e9 pour nous puisque nous avons pour la premi\u00e8re fois la responsabilit\u00e9 compl\u00e8te et int\u00e9grale du fuselage de l&#8217;avion avec ce contrat de sous-traitance globale<\/em>&nbsp;\u00bb, se r\u00e9jouit Antoine Potez, le PDG de Potez A\u00e9ronautique, \u00e0 quelques jours de l&#8217;ouverture du Salon du Bourget. L&#8217;entreprise fond\u00e9e par son arri\u00e8re-grand-p\u00e8re dans les ann\u00e9es 1920, vient de d\u00e9crocher un march\u00e9 d&#8217;envergure avec General Atomics AeroTec, pour le lancement de la production en s\u00e9rie du programme allemand Dornier 228 Next Generation.<\/p>\n\n\n\n<div class=\"wp-block-buttons is-layout-flex wp-block-buttons-is-layout-flex\">\n<div class=\"wp-block-button\"><a class=\"wp-block-button__link wp-element-button\" href=\"https:\/\/objectifaquitaine.latribune.fr\/business\/2023-06-13\/le-landais-potez-aeronautique-fabriquera-le-fuselage-du-nouveau-dornier-228-965570.html\" target=\"_blank\" rel=\"noreferrer noopener\">Lire l&#8217;article complet de La Tribune<\/a><\/div>\n<\/div>\n","protected":false},"excerpt":{"rendered":"<p>La Tribune, journal \u00e9conomique et financier fran\u00e7ais, publie un article le 13 juin 2023 \u00e0 propos de l&#8217;obtention du nouveau contrat remport\u00e9 par POTEZ A\u00c9RONAUTIQUE pour la fabrication du fuselage du Do228 NXT.<\/p>\n","protected":false},"author":12,"featured_media":4344,"comment_status":"closed","ping_status":"closed","sticky":false,"template":"","format":"standard","meta":{"_acf_changed":false,"footnotes":""},"categories":[50],"tags":[196,198,240,40,201,218],"class_list":["post-4340","post","type-post","status-publish","format-standard","has-post-thumbnail","hentry","category-presse","tag-do228-nxt","tag-fuselage","tag-la-tribune","tag-nouveau-contrat","tag-potez-aeronautique-2","tag-presse"],"acf":[],"yoast_head":"<!-- This site is optimized with the Yoast SEO plugin v27.5 - https:\/\/yoast.com\/product\/yoast-seo-wordpress\/ -->\n<title>Potez A\u00e9ronautique la Tribune &#187; Potez A\u00e9ronautique<\/title>\n<meta name=\"description\" content=\"D\u00e9couvrez notre actualit\u00e9 &quot;La Tribune revient sur le nouveau contrat remport\u00e9 par Potez A\u00e9ronautique&quot; &#187; Potez A\u00e9ronautique\" \/>\n<meta name=\"robots\" content=\"index, follow, max-snippet:-1, max-image-preview:large, max-video-preview:-1\" \/>\n<link rel=\"canonical\" href=\"https:\/\/www.potez.com\/es\/le-landais-potez-aeronautique-fabriquera-le-fuselage-du-nouveau-dornier-228-nxt-la-tribune-bordeaux\/\" \/>\n<meta property=\"og:locale\" content=\"es_ES\" \/>\n<meta property=\"og:type\" content=\"article\" \/>\n<meta property=\"og:title\" content=\"Potez A\u00e9ronautique la Tribune &#187; Potez A\u00e9ronautique\" \/>\n<meta property=\"og:description\" content=\"D\u00e9couvrez notre actualit\u00e9 &quot;La Tribune revient sur le nouveau contrat remport\u00e9 par Potez A\u00e9ronautique&quot; &#187; Potez A\u00e9ronautique\" \/>\n<meta property=\"og:url\" content=\"https:\/\/www.potez.com\/es\/le-landais-potez-aeronautique-fabriquera-le-fuselage-du-nouveau-dornier-228-nxt-la-tribune-bordeaux\/\" \/>\n<meta property=\"og:site_name\" content=\"Potez A\u00e9ronautique\" \/>\n<meta property=\"article:published_time\" content=\"2023-06-15T07:03:51+00:00\" \/>\n<meta property=\"article:modified_time\" content=\"2023-07-20T08:36:02+00:00\" \/>\n<meta property=\"og:image\" content=\"https:\/\/www.potez.com\/wp-content\/uploads\/2023\/06\/R-scaled.jpg\" \/>\n\t<meta property=\"og:image:width\" content=\"2560\" \/>\n\t<meta property=\"og:image:height\" content=\"1158\" \/>\n\t<meta property=\"og:image:type\" content=\"image\/jpeg\" \/>\n<meta name=\"author\" content=\"Pauline Rouillard\" \/>\n<meta name=\"twitter:card\" content=\"summary_large_image\" \/>\n<meta name=\"twitter:label1\" content=\"Escrito por\" \/>\n\t<meta name=\"twitter:data1\" content=\"Pauline Rouillard\" \/>\n\t<meta name=\"twitter:label2\" content=\"Tiempo de lectura\" \/>\n\t<meta name=\"twitter:data2\" content=\"2 minutos\" \/>\n<script type=\"application\/ld+json\" class=\"yoast-schema-graph\">{\"@context\":\"https:\\\/\\\/schema.org\",\"@graph\":[{\"@type\":\"Article\",\"@id\":\"https:\\\/\\\/www.potez.com\\\/es\\\/le-landais-potez-aeronautique-fabriquera-le-fuselage-du-nouveau-dornier-228-nxt-la-tribune-bordeaux\\\/#article\",\"isPartOf\":{\"@id\":\"https:\\\/\\\/www.potez.com\\\/es\\\/le-landais-potez-aeronautique-fabriquera-le-fuselage-du-nouveau-dornier-228-nxt-la-tribune-bordeaux\\\/\"},\"author\":{\"name\":\"Pauline Rouillard\",\"@id\":\"https:\\\/\\\/www.potez.com\\\/es\\\/#\\\/schema\\\/person\\\/f487fdd14dc4d1344323aee601666900\"},\"headline\":\"La Tribune revient sur le nouveau contrat remport\u00e9 par Potez A\u00e9ronautique\",\"datePublished\":\"2023-06-15T07:03:51+00:00\",\"dateModified\":\"2023-07-20T08:36:02+00:00\",\"mainEntityOfPage\":{\"@id\":\"https:\\\/\\\/www.potez.com\\\/es\\\/le-landais-potez-aeronautique-fabriquera-le-fuselage-du-nouveau-dornier-228-nxt-la-tribune-bordeaux\\\/\"},\"wordCount\":323,\"image\":{\"@id\":\"https:\\\/\\\/www.potez.com\\\/es\\\/le-landais-potez-aeronautique-fabriquera-le-fuselage-du-nouveau-dornier-228-nxt-la-tribune-bordeaux\\\/#primaryimage\"},\"thumbnailUrl\":\"https:\\\/\\\/www.potez.com\\\/wp-content\\\/uploads\\\/2023\\\/06\\\/R-scaled.jpg\",\"keywords\":[\"Do228 NXT\",\"Fuselage\",\"La Tribune\",\"Nouveau contrat\",\"Potez A\u00e9ronautique\",\"Presse\"],\"articleSection\":[\"PRESSE\"],\"inLanguage\":\"es\"},{\"@type\":\"WebPage\",\"@id\":\"https:\\\/\\\/www.potez.com\\\/es\\\/le-landais-potez-aeronautique-fabriquera-le-fuselage-du-nouveau-dornier-228-nxt-la-tribune-bordeaux\\\/\",\"url\":\"https:\\\/\\\/www.potez.com\\\/es\\\/le-landais-potez-aeronautique-fabriquera-le-fuselage-du-nouveau-dornier-228-nxt-la-tribune-bordeaux\\\/\",\"name\":\"Potez A\u00e9ronautique la Tribune &#187; Potez A\u00e9ronautique\",\"isPartOf\":{\"@id\":\"https:\\\/\\\/www.potez.com\\\/es\\\/#website\"},\"primaryImageOfPage\":{\"@id\":\"https:\\\/\\\/www.potez.com\\\/es\\\/le-landais-potez-aeronautique-fabriquera-le-fuselage-du-nouveau-dornier-228-nxt-la-tribune-bordeaux\\\/#primaryimage\"},\"image\":{\"@id\":\"https:\\\/\\\/www.potez.com\\\/es\\\/le-landais-potez-aeronautique-fabriquera-le-fuselage-du-nouveau-dornier-228-nxt-la-tribune-bordeaux\\\/#primaryimage\"},\"thumbnailUrl\":\"https:\\\/\\\/www.potez.com\\\/wp-content\\\/uploads\\\/2023\\\/06\\\/R-scaled.jpg\",\"datePublished\":\"2023-06-15T07:03:51+00:00\",\"dateModified\":\"2023-07-20T08:36:02+00:00\",\"author\":{\"@id\":\"https:\\\/\\\/www.potez.com\\\/es\\\/#\\\/schema\\\/person\\\/f487fdd14dc4d1344323aee601666900\"},\"description\":\"D\u00e9couvrez notre actualit\u00e9 \\\"La Tribune revient sur le nouveau contrat remport\u00e9 par Potez A\u00e9ronautique\\\" &#187; Potez A\u00e9ronautique\",\"breadcrumb\":{\"@id\":\"https:\\\/\\\/www.potez.com\\\/es\\\/le-landais-potez-aeronautique-fabriquera-le-fuselage-du-nouveau-dornier-228-nxt-la-tribune-bordeaux\\\/#breadcrumb\"},\"inLanguage\":\"es\",\"potentialAction\":[{\"@type\":\"ReadAction\",\"target\":[\"https:\\\/\\\/www.potez.com\\\/es\\\/le-landais-potez-aeronautique-fabriquera-le-fuselage-du-nouveau-dornier-228-nxt-la-tribune-bordeaux\\\/\"]}]},{\"@type\":\"ImageObject\",\"inLanguage\":\"es\",\"@id\":\"https:\\\/\\\/www.potez.com\\\/es\\\/le-landais-potez-aeronautique-fabriquera-le-fuselage-du-nouveau-dornier-228-nxt-la-tribune-bordeaux\\\/#primaryimage\",\"url\":\"https:\\\/\\\/www.potez.com\\\/wp-content\\\/uploads\\\/2023\\\/06\\\/R-scaled.jpg\",\"contentUrl\":\"https:\\\/\\\/www.potez.com\\\/wp-content\\\/uploads\\\/2023\\\/06\\\/R-scaled.jpg\",\"width\":2560,\"height\":1158},{\"@type\":\"BreadcrumbList\",\"@id\":\"https:\\\/\\\/www.potez.com\\\/es\\\/le-landais-potez-aeronautique-fabriquera-le-fuselage-du-nouveau-dornier-228-nxt-la-tribune-bordeaux\\\/#breadcrumb\",\"itemListElement\":[{\"@type\":\"ListItem\",\"position\":1,\"name\":\"HOME\",\"item\":\"https:\\\/\\\/www.potez.com\\\/es\\\/\"},{\"@type\":\"ListItem\",\"position\":2,\"name\":\"La Tribune revient sur le nouveau contrat remport\u00e9 par Potez A\u00e9ronautique\"}]},{\"@type\":\"WebSite\",\"@id\":\"https:\\\/\\\/www.potez.com\\\/es\\\/#website\",\"url\":\"https:\\\/\\\/www.potez.com\\\/es\\\/\",\"name\":\"Potez A\u00e9ronautique\",\"description\":\"L&#039;innovation en h\u00e9ritage\",\"potentialAction\":[{\"@type\":\"SearchAction\",\"target\":{\"@type\":\"EntryPoint\",\"urlTemplate\":\"https:\\\/\\\/www.potez.com\\\/es\\\/?s={search_term_string}\"},\"query-input\":{\"@type\":\"PropertyValueSpecification\",\"valueRequired\":true,\"valueName\":\"search_term_string\"}}],\"inLanguage\":\"es\"},{\"@type\":\"Person\",\"@id\":\"https:\\\/\\\/www.potez.com\\\/es\\\/#\\\/schema\\\/person\\\/f487fdd14dc4d1344323aee601666900\",\"name\":\"Pauline Rouillard\",\"image\":{\"@type\":\"ImageObject\",\"inLanguage\":\"es\",\"@id\":\"https:\\\/\\\/secure.gravatar.com\\\/avatar\\\/84b242ed9994e836207158cdeab3d35f0ba7782290109d0471d0c25f9b4816af?s=96&d=mm&r=g\",\"url\":\"https:\\\/\\\/secure.gravatar.com\\\/avatar\\\/84b242ed9994e836207158cdeab3d35f0ba7782290109d0471d0c25f9b4816af?s=96&d=mm&r=g\",\"contentUrl\":\"https:\\\/\\\/secure.gravatar.com\\\/avatar\\\/84b242ed9994e836207158cdeab3d35f0ba7782290109d0471d0c25f9b4816af?s=96&d=mm&r=g\",\"caption\":\"Pauline Rouillard\"}}]}<\/script>\n<!-- \/ Yoast SEO plugin. -->","yoast_head_json":{"title":"Potez A\u00e9ronautique la Tribune &#187; Potez A\u00e9ronautique","description":"D\u00e9couvrez notre actualit\u00e9 \"La Tribune revient sur le nouveau contrat remport\u00e9 par Potez A\u00e9ronautique\" &#187; Potez A\u00e9ronautique","robots":{"index":"index","follow":"follow","max-snippet":"max-snippet:-1","max-image-preview":"max-image-preview:large","max-video-preview":"max-video-preview:-1"},"canonical":"https:\/\/www.potez.com\/es\/le-landais-potez-aeronautique-fabriquera-le-fuselage-du-nouveau-dornier-228-nxt-la-tribune-bordeaux\/","og_locale":"es_ES","og_type":"article","og_title":"Potez A\u00e9ronautique la Tribune &#187; Potez A\u00e9ronautique","og_description":"D\u00e9couvrez notre actualit\u00e9 \"La Tribune revient sur le nouveau contrat remport\u00e9 par Potez A\u00e9ronautique\" &#187; Potez A\u00e9ronautique","og_url":"https:\/\/www.potez.com\/es\/le-landais-potez-aeronautique-fabriquera-le-fuselage-du-nouveau-dornier-228-nxt-la-tribune-bordeaux\/","og_site_name":"Potez A\u00e9ronautique","article_published_time":"2023-06-15T07:03:51+00:00","article_modified_time":"2023-07-20T08:36:02+00:00","og_image":[{"width":2560,"height":1158,"url":"https:\/\/www.potez.com\/wp-content\/uploads\/2023\/06\/R-scaled.jpg","type":"image\/jpeg"}],"author":"Pauline Rouillard","twitter_card":"summary_large_image","twitter_misc":{"Escrito por":"Pauline Rouillard","Tiempo de lectura":"2 minutos"},"schema":{"@context":"https:\/\/schema.org","@graph":[{"@type":"Article","@id":"https:\/\/www.potez.com\/es\/le-landais-potez-aeronautique-fabriquera-le-fuselage-du-nouveau-dornier-228-nxt-la-tribune-bordeaux\/#article","isPartOf":{"@id":"https:\/\/www.potez.com\/es\/le-landais-potez-aeronautique-fabriquera-le-fuselage-du-nouveau-dornier-228-nxt-la-tribune-bordeaux\/"},"author":{"name":"Pauline Rouillard","@id":"https:\/\/www.potez.com\/es\/#\/schema\/person\/f487fdd14dc4d1344323aee601666900"},"headline":"La Tribune revient sur le nouveau contrat remport\u00e9 par Potez A\u00e9ronautique","datePublished":"2023-06-15T07:03:51+00:00","dateModified":"2023-07-20T08:36:02+00:00","mainEntityOfPage":{"@id":"https:\/\/www.potez.com\/es\/le-landais-potez-aeronautique-fabriquera-le-fuselage-du-nouveau-dornier-228-nxt-la-tribune-bordeaux\/"},"wordCount":323,"image":{"@id":"https:\/\/www.potez.com\/es\/le-landais-potez-aeronautique-fabriquera-le-fuselage-du-nouveau-dornier-228-nxt-la-tribune-bordeaux\/#primaryimage"},"thumbnailUrl":"https:\/\/www.potez.com\/wp-content\/uploads\/2023\/06\/R-scaled.jpg","keywords":["Do228 NXT","Fuselage","La Tribune","Nouveau contrat","Potez A\u00e9ronautique","Presse"],"articleSection":["PRESSE"],"inLanguage":"es"},{"@type":"WebPage","@id":"https:\/\/www.potez.com\/es\/le-landais-potez-aeronautique-fabriquera-le-fuselage-du-nouveau-dornier-228-nxt-la-tribune-bordeaux\/","url":"https:\/\/www.potez.com\/es\/le-landais-potez-aeronautique-fabriquera-le-fuselage-du-nouveau-dornier-228-nxt-la-tribune-bordeaux\/","name":"Potez A\u00e9ronautique la Tribune &#187; Potez A\u00e9ronautique","isPartOf":{"@id":"https:\/\/www.potez.com\/es\/#website"},"primaryImageOfPage":{"@id":"https:\/\/www.potez.com\/es\/le-landais-potez-aeronautique-fabriquera-le-fuselage-du-nouveau-dornier-228-nxt-la-tribune-bordeaux\/#primaryimage"},"image":{"@id":"https:\/\/www.potez.com\/es\/le-landais-potez-aeronautique-fabriquera-le-fuselage-du-nouveau-dornier-228-nxt-la-tribune-bordeaux\/#primaryimage"},"thumbnailUrl":"https:\/\/www.potez.com\/wp-content\/uploads\/2023\/06\/R-scaled.jpg","datePublished":"2023-06-15T07:03:51+00:00","dateModified":"2023-07-20T08:36:02+00:00","author":{"@id":"https:\/\/www.potez.com\/es\/#\/schema\/person\/f487fdd14dc4d1344323aee601666900"},"description":"D\u00e9couvrez notre actualit\u00e9 \"La Tribune revient sur le nouveau contrat remport\u00e9 par Potez A\u00e9ronautique\" &#187; Potez A\u00e9ronautique","breadcrumb":{"@id":"https:\/\/www.potez.com\/es\/le-landais-potez-aeronautique-fabriquera-le-fuselage-du-nouveau-dornier-228-nxt-la-tribune-bordeaux\/#breadcrumb"},"inLanguage":"es","potentialAction":[{"@type":"ReadAction","target":["https:\/\/www.potez.com\/es\/le-landais-potez-aeronautique-fabriquera-le-fuselage-du-nouveau-dornier-228-nxt-la-tribune-bordeaux\/"]}]},{"@type":"ImageObject","inLanguage":"es","@id":"https:\/\/www.potez.com\/es\/le-landais-potez-aeronautique-fabriquera-le-fuselage-du-nouveau-dornier-228-nxt-la-tribune-bordeaux\/#primaryimage","url":"https:\/\/www.potez.com\/wp-content\/uploads\/2023\/06\/R-scaled.jpg","contentUrl":"https:\/\/www.potez.com\/wp-content\/uploads\/2023\/06\/R-scaled.jpg","width":2560,"height":1158},{"@type":"BreadcrumbList","@id":"https:\/\/www.potez.com\/es\/le-landais-potez-aeronautique-fabriquera-le-fuselage-du-nouveau-dornier-228-nxt-la-tribune-bordeaux\/#breadcrumb","itemListElement":[{"@type":"ListItem","position":1,"name":"HOME","item":"https:\/\/www.potez.com\/es\/"},{"@type":"ListItem","position":2,"name":"La Tribune revient sur le nouveau contrat remport\u00e9 par Potez A\u00e9ronautique"}]},{"@type":"WebSite","@id":"https:\/\/www.potez.com\/es\/#website","url":"https:\/\/www.potez.com\/es\/","name":"Potez A\u00e9ronautique","description":"L&#039;innovation en h\u00e9ritage","potentialAction":[{"@type":"SearchAction","target":{"@type":"EntryPoint","urlTemplate":"https:\/\/www.potez.com\/es\/?s={search_term_string}"},"query-input":{"@type":"PropertyValueSpecification","valueRequired":true,"valueName":"search_term_string"}}],"inLanguage":"es"},{"@type":"Person","@id":"https:\/\/www.potez.com\/es\/#\/schema\/person\/f487fdd14dc4d1344323aee601666900","name":"Pauline Rouillard","image":{"@type":"ImageObject","inLanguage":"es","@id":"https:\/\/secure.gravatar.com\/avatar\/84b242ed9994e836207158cdeab3d35f0ba7782290109d0471d0c25f9b4816af?s=96&d=mm&r=g","url":"https:\/\/secure.gravatar.com\/avatar\/84b242ed9994e836207158cdeab3d35f0ba7782290109d0471d0c25f9b4816af?s=96&d=mm&r=g","contentUrl":"https:\/\/secure.gravatar.com\/avatar\/84b242ed9994e836207158cdeab3d35f0ba7782290109d0471d0c25f9b4816af?s=96&d=mm&r=g","caption":"Pauline Rouillard"}}]}},"_links":{"self":[{"href":"https:\/\/www.potez.com\/es\/wp-json\/wp\/v2\/posts\/4340","targetHints":{"allow":["GET"]}}],"collection":[{"href":"https:\/\/www.potez.com\/es\/wp-json\/wp\/v2\/posts"}],"about":[{"href":"https:\/\/www.potez.com\/es\/wp-json\/wp\/v2\/types\/post"}],"author":[{"embeddable":true,"href":"https:\/\/www.potez.com\/es\/wp-json\/wp\/v2\/users\/12"}],"replies":[{"embeddable":true,"href":"https:\/\/www.potez.com\/es\/wp-json\/wp\/v2\/comments?post=4340"}],"version-history":[{"count":0,"href":"https:\/\/www.potez.com\/es\/wp-json\/wp\/v2\/posts\/4340\/revisions"}],"wp:featuredmedia":[{"embeddable":true,"href":"https:\/\/www.potez.com\/es\/wp-json\/wp\/v2\/media\/4344"}],"wp:attachment":[{"href":"https:\/\/www.potez.com\/es\/wp-json\/wp\/v2\/media?parent=4340"}],"wp:term":[{"taxonomy":"category","embeddable":true,"href":"https:\/\/www.potez.com\/es\/wp-json\/wp\/v2\/categories?post=4340"},{"taxonomy":"post_tag","embeddable":true,"href":"https:\/\/www.potez.com\/es\/wp-json\/wp\/v2\/tags?post=4340"}],"curies":[{"name":"wp","href":"https:\/\/api.w.org\/{rel}","templated":true}]}}