{"id":4271,"date":"2023-05-24T07:53:17","date_gmt":"2023-05-24T07:53:17","guid":{"rendered":"https:\/\/www.potez.com\/?p=4271"},"modified":"2023-07-20T09:02:10","modified_gmt":"2023-07-20T09:02:10","slug":"safety-day-2023-potez-aeronautique","status":"publish","type":"post","link":"https:\/\/www.potez.com\/es\/safety-day-2023-potez-aeronautique\/","title":{"rendered":"Les pot\u00e9ziens au SAFETY DAY 2023"},"content":{"rendered":"\n<p><strong>Le mardi 23 mai s&#8217;est d\u00e9roul\u00e9 le SAFETY DAY (journ\u00e9e Sant\u00e9 et S\u00e9curit\u00e9 au Travail) au sein de POTEZ A\u00c9RONAUTIQUE<\/strong>. <strong>Cette journ\u00e9e est<\/strong> <strong>en collaboration avec l\u2019infirmi\u00e8re au travail ainsi que l\u2019organisme <a href=\"https:\/\/monentreprisebouge.fr\/\">Mon entreprise bouge<\/a>.<\/strong><\/p>\n\n\n\n<p>Le SAFETY DAY a pour objectif de sensibiliser les pot\u00e9ziens \u00e0 la pr\u00e9vention des troubles musculo-squelettiques (TMS) et \u00e0 la s\u00e9dentarit\u00e9.<\/p>\n\n\n\n<p>La journ\u00e9e a \u00e9t\u00e9 marqu\u00e9e par une s\u00e9rie d&#8217;ateliers obligatoires qui ont abord\u00e9 quatre enjeux cl\u00e9s. Tout d&#8217;abord, une pr\u00e9paration physique a \u00e9t\u00e9 propos\u00e9e. L&#8217;objectif est de permettre aux employ\u00e9s de se pr\u00e9parer physiquement aux t\u00e2ches de leur travail. Ensuite, des ateliers ont \u00e9t\u00e9 organis\u00e9s pour stimuler l&#8217;attention et la concentration des participants. De plus, des exercices ont \u00e9t\u00e9 mis en place pour travailler diff\u00e9rentes capacit\u00e9s physiques telles que la mobilit\u00e9, la souplesse, la force et l&#8217;\u00e9quilibre. Enfin, cette journ\u00e9e a \u00e9galement \u00e9t\u00e9 une occasion de partager des moments conviviaux et de sourire entre coll\u00e8gues.<\/p>\n\n\n\n<p>Cette journ\u00e9e a apport\u00e9 aux employ\u00e9s de POTEZ A\u00c9RONAUTIQUE une prise de conscience sur la pr\u00e9vention des troubles musculo-squelettiques, une am\u00e9lioration de leur condition physique et un renforcement des liens avec leurs coll\u00e8gues.<br><a href=\"https:\/\/www.linkedin.com\/feed\/hashtag\/?keywords=potez&amp;highlightedUpdateUrns=urn%3Ali%3Aactivity%3A7067027121944064001\">#Potez<\/a><a href=\"https:\/\/www.linkedin.com\/feed\/hashtag\/?keywords=sant%C3%A9autravail&amp;highlightedUpdateUrns=urn%3Ali%3Aactivity%3A7067027121944064001\">#Sant\u00e9autravail<\/a><a href=\"https:\/\/www.linkedin.com\/feed\/hashtag\/?keywords=savety&amp;highlightedUpdateUrns=urn%3Ali%3Aactivity%3A7067027121944064001\">#Safety<\/a><a href=\"https:\/\/www.linkedin.com\/feed\/hashtag\/?keywords=entreprise&amp;highlightedUpdateUrns=urn%3Ali%3Aactivity%3A7067027121944064001\">#Entreprise<\/a><a href=\"https:\/\/www.linkedin.com\/feed\/hashtag\/?keywords=ensemble&amp;highlightedUpdateUrns=urn%3Ali%3Aactivity%3A7067027121944064001\">#Ensemble<\/a><a href=\"https:\/\/www.linkedin.com\/feed\/hashtag\/?keywords=monentreprisebouge&amp;highlightedUpdateUrns=urn%3Ali%3Aactivity%3A7067027121944064001\">#Monentreprisebouge<\/a><\/p>\n\n\n\n<figure class=\"wp-block-gallery has-nested-images columns-default is-cropped wp-block-gallery-1 is-layout-flex wp-block-gallery-is-layout-flex\">\n<figure class=\"wp-block-image size-large\"><img loading=\"lazy\" decoding=\"async\" width=\"768\" height=\"1024\" data-id=\"4272\" src=\"https:\/\/www.potez.com\/wp-content\/uploads\/2023\/05\/1684852025950-768x1024.jpg\" alt=\"Cette journ\u00e9e a pour objectif de sensibiliser les pot\u00e9ziens \u00e0 la pr\u00e9vention des troubles musculo-squelettiques (TMS) et \u00e0 la s\u00e9dentarit\u00e9.\" class=\"wp-image-4272\" srcset=\"https:\/\/www.potez.com\/wp-content\/uploads\/2023\/05\/1684852025950-768x1024.jpg 768w, https:\/\/www.potez.com\/wp-content\/uploads\/2023\/05\/1684852025950-225x300.jpg 225w, https:\/\/www.potez.com\/wp-content\/uploads\/2023\/05\/1684852025950-1152x1536.jpg 1152w, https:\/\/www.potez.com\/wp-content\/uploads\/2023\/05\/1684852025950.jpg 1280w\" sizes=\"auto, (max-width: 768px) 100vw, 768px\" \/><\/figure>\n<\/figure>\n","protected":false},"excerpt":{"rendered":"<p>Le mardi 23 mai s&#8217;est d\u00e9roul\u00e9 le SAFETY DAY (journ\u00e9e Sant\u00e9 et S\u00e9curit\u00e9 au Travail) au sein de POTEZ A\u00c9RONAUTIQUE, en collaboration avec l\u2019infirmi\u00e8re au travail ainsi que l\u2019organisme Mon entreprise bouge.<\/p>\n","protected":false},"author":2,"featured_media":4275,"comment_status":"closed","ping_status":"closed","sticky":false,"template":"","format":"standard","meta":{"_acf_changed":false,"footnotes":""},"categories":[206],"tags":[69,201,228],"class_list":["post-4271","post","type-post","status-publish","format-standard","has-post-thumbnail","hentry","category-vie-dentreprise-rse","tag-entreprise","tag-potez-aeronautique-2","tag-safety-day"],"acf":[],"yoast_head":"<!-- This site is optimized with the Yoast SEO plugin v27.5 - https:\/\/yoast.com\/product\/yoast-seo-wordpress\/ -->\n<title>Safety day 2023 &#187; Potez A\u00e9ronautique<\/title>\n<meta name=\"description\" content=\"Le mardi 23 mai s&#039;est d\u00e9roul\u00e9 le SAFETY DAY afin de sensibiliser les pot\u00e9ziens \u00e0 la pr\u00e9vention des TMS et \u00e0 la s\u00e9dentarit\u00e9. &#187; %\" \/>\n<meta name=\"robots\" content=\"index, follow, max-snippet:-1, max-image-preview:large, max-video-preview:-1\" \/>\n<link rel=\"canonical\" href=\"https:\/\/www.potez.com\/es\/safety-day-2023-potez-aeronautique\/\" \/>\n<meta property=\"og:locale\" content=\"es_ES\" \/>\n<meta property=\"og:type\" content=\"article\" \/>\n<meta property=\"og:title\" content=\"Safety day 2023 &#187; Potez A\u00e9ronautique\" \/>\n<meta property=\"og:description\" content=\"Le mardi 23 mai s&#039;est d\u00e9roul\u00e9 le SAFETY DAY afin de sensibiliser les pot\u00e9ziens \u00e0 la pr\u00e9vention des TMS et \u00e0 la s\u00e9dentarit\u00e9. &#187; %\" \/>\n<meta property=\"og:url\" content=\"https:\/\/www.potez.com\/es\/safety-day-2023-potez-aeronautique\/\" \/>\n<meta property=\"og:site_name\" content=\"Potez A\u00e9ronautique\" \/>\n<meta property=\"article:published_time\" content=\"2023-05-24T07:53:17+00:00\" \/>\n<meta property=\"article:modified_time\" content=\"2023-07-20T09:02:10+00:00\" \/>\n<meta property=\"og:image\" content=\"https:\/\/www.potez.com\/wp-content\/uploads\/2023\/05\/346479568_937468880810079_2735058797015365560_n-e1687936714882.webp\" \/>\n\t<meta property=\"og:image:width\" content=\"932\" \/>\n\t<meta property=\"og:image:height\" content=\"599\" \/>\n\t<meta property=\"og:image:type\" content=\"image\/webp\" \/>\n<meta name=\"author\" content=\"Jean-Baptiste Levesque ADMIN\" \/>\n<meta name=\"twitter:card\" content=\"summary_large_image\" \/>\n<meta name=\"twitter:label1\" content=\"Escrito por\" \/>\n\t<meta name=\"twitter:data1\" content=\"Jean-Baptiste Levesque ADMIN\" \/>\n\t<meta name=\"twitter:label2\" content=\"Tiempo de lectura\" \/>\n\t<meta name=\"twitter:data2\" content=\"2 minutos\" \/>\n<script type=\"application\/ld+json\" class=\"yoast-schema-graph\">{\"@context\":\"https:\\\/\\\/schema.org\",\"@graph\":[{\"@type\":\"Article\",\"@id\":\"https:\\\/\\\/www.potez.com\\\/es\\\/safety-day-2023-potez-aeronautique\\\/#article\",\"isPartOf\":{\"@id\":\"https:\\\/\\\/www.potez.com\\\/es\\\/safety-day-2023-potez-aeronautique\\\/\"},\"author\":{\"name\":\"Jean-Baptiste Levesque ADMIN\",\"@id\":\"https:\\\/\\\/www.potez.com\\\/es\\\/#\\\/schema\\\/person\\\/d876f086b710b7d1fe07e232f60b35f1\"},\"headline\":\"Les pot\u00e9ziens au SAFETY DAY 2023\",\"datePublished\":\"2023-05-24T07:53:17+00:00\",\"dateModified\":\"2023-07-20T09:02:10+00:00\",\"mainEntityOfPage\":{\"@id\":\"https:\\\/\\\/www.potez.com\\\/es\\\/safety-day-2023-potez-aeronautique\\\/\"},\"wordCount\":231,\"image\":{\"@id\":\"https:\\\/\\\/www.potez.com\\\/es\\\/safety-day-2023-potez-aeronautique\\\/#primaryimage\"},\"thumbnailUrl\":\"https:\\\/\\\/www.potez.com\\\/wp-content\\\/uploads\\\/2023\\\/05\\\/346479568_937468880810079_2735058797015365560_n-e1687936714882.webp\",\"keywords\":[\"Entreprise\",\"Potez A\u00e9ronautique\",\"Safety day\"],\"articleSection\":[\"VIE D'ENTREPRISE \\\/ RSE\"],\"inLanguage\":\"es\"},{\"@type\":\"WebPage\",\"@id\":\"https:\\\/\\\/www.potez.com\\\/es\\\/safety-day-2023-potez-aeronautique\\\/\",\"url\":\"https:\\\/\\\/www.potez.com\\\/es\\\/safety-day-2023-potez-aeronautique\\\/\",\"name\":\"Safety day 2023 &#187; Potez A\u00e9ronautique\",\"isPartOf\":{\"@id\":\"https:\\\/\\\/www.potez.com\\\/es\\\/#website\"},\"primaryImageOfPage\":{\"@id\":\"https:\\\/\\\/www.potez.com\\\/es\\\/safety-day-2023-potez-aeronautique\\\/#primaryimage\"},\"image\":{\"@id\":\"https:\\\/\\\/www.potez.com\\\/es\\\/safety-day-2023-potez-aeronautique\\\/#primaryimage\"},\"thumbnailUrl\":\"https:\\\/\\\/www.potez.com\\\/wp-content\\\/uploads\\\/2023\\\/05\\\/346479568_937468880810079_2735058797015365560_n-e1687936714882.webp\",\"datePublished\":\"2023-05-24T07:53:17+00:00\",\"dateModified\":\"2023-07-20T09:02:10+00:00\",\"author\":{\"@id\":\"https:\\\/\\\/www.potez.com\\\/es\\\/#\\\/schema\\\/person\\\/d876f086b710b7d1fe07e232f60b35f1\"},\"description\":\"Le mardi 23 mai s'est d\u00e9roul\u00e9 le SAFETY DAY afin de sensibiliser les pot\u00e9ziens \u00e0 la pr\u00e9vention des TMS et \u00e0 la s\u00e9dentarit\u00e9. &#187; %\",\"breadcrumb\":{\"@id\":\"https:\\\/\\\/www.potez.com\\\/es\\\/safety-day-2023-potez-aeronautique\\\/#breadcrumb\"},\"inLanguage\":\"es\",\"potentialAction\":[{\"@type\":\"ReadAction\",\"target\":[\"https:\\\/\\\/www.potez.com\\\/es\\\/safety-day-2023-potez-aeronautique\\\/\"]}]},{\"@type\":\"ImageObject\",\"inLanguage\":\"es\",\"@id\":\"https:\\\/\\\/www.potez.com\\\/es\\\/safety-day-2023-potez-aeronautique\\\/#primaryimage\",\"url\":\"https:\\\/\\\/www.potez.com\\\/wp-content\\\/uploads\\\/2023\\\/05\\\/346479568_937468880810079_2735058797015365560_n-e1687936714882.webp\",\"contentUrl\":\"https:\\\/\\\/www.potez.com\\\/wp-content\\\/uploads\\\/2023\\\/05\\\/346479568_937468880810079_2735058797015365560_n-e1687936714882.webp\",\"width\":932,\"height\":599},{\"@type\":\"BreadcrumbList\",\"@id\":\"https:\\\/\\\/www.potez.com\\\/es\\\/safety-day-2023-potez-aeronautique\\\/#breadcrumb\",\"itemListElement\":[{\"@type\":\"ListItem\",\"position\":1,\"name\":\"HOME\",\"item\":\"https:\\\/\\\/www.potez.com\\\/es\\\/\"},{\"@type\":\"ListItem\",\"position\":2,\"name\":\"Les pot\u00e9ziens au SAFETY DAY 2023\"}]},{\"@type\":\"WebSite\",\"@id\":\"https:\\\/\\\/www.potez.com\\\/es\\\/#website\",\"url\":\"https:\\\/\\\/www.potez.com\\\/es\\\/\",\"name\":\"Potez A\u00e9ronautique\",\"description\":\"L&#039;innovation en h\u00e9ritage\",\"potentialAction\":[{\"@type\":\"SearchAction\",\"target\":{\"@type\":\"EntryPoint\",\"urlTemplate\":\"https:\\\/\\\/www.potez.com\\\/es\\\/?s={search_term_string}\"},\"query-input\":{\"@type\":\"PropertyValueSpecification\",\"valueRequired\":true,\"valueName\":\"search_term_string\"}}],\"inLanguage\":\"es\"},{\"@type\":\"Person\",\"@id\":\"https:\\\/\\\/www.potez.com\\\/es\\\/#\\\/schema\\\/person\\\/d876f086b710b7d1fe07e232f60b35f1\",\"name\":\"Jean-Baptiste Levesque ADMIN\",\"image\":{\"@type\":\"ImageObject\",\"inLanguage\":\"es\",\"@id\":\"https:\\\/\\\/secure.gravatar.com\\\/avatar\\\/3d6aa295287b2c4162e53d752a926af8b4dccf4f6cd6f37ab07351c2aa16791c?s=96&d=mm&r=g\",\"url\":\"https:\\\/\\\/secure.gravatar.com\\\/avatar\\\/3d6aa295287b2c4162e53d752a926af8b4dccf4f6cd6f37ab07351c2aa16791c?s=96&d=mm&r=g\",\"contentUrl\":\"https:\\\/\\\/secure.gravatar.com\\\/avatar\\\/3d6aa295287b2c4162e53d752a926af8b4dccf4f6cd6f37ab07351c2aa16791c?s=96&d=mm&r=g\",\"caption\":\"Jean-Baptiste Levesque ADMIN\"}}]}<\/script>\n<!-- \/ Yoast SEO plugin. -->","yoast_head_json":{"title":"Safety day 2023 &#187; Potez A\u00e9ronautique","description":"Le mardi 23 mai s'est d\u00e9roul\u00e9 le SAFETY DAY afin de sensibiliser les pot\u00e9ziens \u00e0 la pr\u00e9vention des TMS et \u00e0 la s\u00e9dentarit\u00e9. &#187; %","robots":{"index":"index","follow":"follow","max-snippet":"max-snippet:-1","max-image-preview":"max-image-preview:large","max-video-preview":"max-video-preview:-1"},"canonical":"https:\/\/www.potez.com\/es\/safety-day-2023-potez-aeronautique\/","og_locale":"es_ES","og_type":"article","og_title":"Safety day 2023 &#187; Potez A\u00e9ronautique","og_description":"Le mardi 23 mai s'est d\u00e9roul\u00e9 le SAFETY DAY afin de sensibiliser les pot\u00e9ziens \u00e0 la pr\u00e9vention des TMS et \u00e0 la s\u00e9dentarit\u00e9. &#187; %","og_url":"https:\/\/www.potez.com\/es\/safety-day-2023-potez-aeronautique\/","og_site_name":"Potez A\u00e9ronautique","article_published_time":"2023-05-24T07:53:17+00:00","article_modified_time":"2023-07-20T09:02:10+00:00","og_image":[{"width":932,"height":599,"url":"https:\/\/www.potez.com\/wp-content\/uploads\/2023\/05\/346479568_937468880810079_2735058797015365560_n-e1687936714882.webp","type":"image\/webp"}],"author":"Jean-Baptiste Levesque ADMIN","twitter_card":"summary_large_image","twitter_misc":{"Escrito por":"Jean-Baptiste Levesque ADMIN","Tiempo de lectura":"2 minutos"},"schema":{"@context":"https:\/\/schema.org","@graph":[{"@type":"Article","@id":"https:\/\/www.potez.com\/es\/safety-day-2023-potez-aeronautique\/#article","isPartOf":{"@id":"https:\/\/www.potez.com\/es\/safety-day-2023-potez-aeronautique\/"},"author":{"name":"Jean-Baptiste Levesque ADMIN","@id":"https:\/\/www.potez.com\/es\/#\/schema\/person\/d876f086b710b7d1fe07e232f60b35f1"},"headline":"Les pot\u00e9ziens au SAFETY DAY 2023","datePublished":"2023-05-24T07:53:17+00:00","dateModified":"2023-07-20T09:02:10+00:00","mainEntityOfPage":{"@id":"https:\/\/www.potez.com\/es\/safety-day-2023-potez-aeronautique\/"},"wordCount":231,"image":{"@id":"https:\/\/www.potez.com\/es\/safety-day-2023-potez-aeronautique\/#primaryimage"},"thumbnailUrl":"https:\/\/www.potez.com\/wp-content\/uploads\/2023\/05\/346479568_937468880810079_2735058797015365560_n-e1687936714882.webp","keywords":["Entreprise","Potez A\u00e9ronautique","Safety day"],"articleSection":["VIE D'ENTREPRISE \/ RSE"],"inLanguage":"es"},{"@type":"WebPage","@id":"https:\/\/www.potez.com\/es\/safety-day-2023-potez-aeronautique\/","url":"https:\/\/www.potez.com\/es\/safety-day-2023-potez-aeronautique\/","name":"Safety day 2023 &#187; Potez A\u00e9ronautique","isPartOf":{"@id":"https:\/\/www.potez.com\/es\/#website"},"primaryImageOfPage":{"@id":"https:\/\/www.potez.com\/es\/safety-day-2023-potez-aeronautique\/#primaryimage"},"image":{"@id":"https:\/\/www.potez.com\/es\/safety-day-2023-potez-aeronautique\/#primaryimage"},"thumbnailUrl":"https:\/\/www.potez.com\/wp-content\/uploads\/2023\/05\/346479568_937468880810079_2735058797015365560_n-e1687936714882.webp","datePublished":"2023-05-24T07:53:17+00:00","dateModified":"2023-07-20T09:02:10+00:00","author":{"@id":"https:\/\/www.potez.com\/es\/#\/schema\/person\/d876f086b710b7d1fe07e232f60b35f1"},"description":"Le mardi 23 mai s'est d\u00e9roul\u00e9 le SAFETY DAY afin de sensibiliser les pot\u00e9ziens \u00e0 la pr\u00e9vention des TMS et \u00e0 la s\u00e9dentarit\u00e9. &#187; %","breadcrumb":{"@id":"https:\/\/www.potez.com\/es\/safety-day-2023-potez-aeronautique\/#breadcrumb"},"inLanguage":"es","potentialAction":[{"@type":"ReadAction","target":["https:\/\/www.potez.com\/es\/safety-day-2023-potez-aeronautique\/"]}]},{"@type":"ImageObject","inLanguage":"es","@id":"https:\/\/www.potez.com\/es\/safety-day-2023-potez-aeronautique\/#primaryimage","url":"https:\/\/www.potez.com\/wp-content\/uploads\/2023\/05\/346479568_937468880810079_2735058797015365560_n-e1687936714882.webp","contentUrl":"https:\/\/www.potez.com\/wp-content\/uploads\/2023\/05\/346479568_937468880810079_2735058797015365560_n-e1687936714882.webp","width":932,"height":599},{"@type":"BreadcrumbList","@id":"https:\/\/www.potez.com\/es\/safety-day-2023-potez-aeronautique\/#breadcrumb","itemListElement":[{"@type":"ListItem","position":1,"name":"HOME","item":"https:\/\/www.potez.com\/es\/"},{"@type":"ListItem","position":2,"name":"Les pot\u00e9ziens au SAFETY DAY 2023"}]},{"@type":"WebSite","@id":"https:\/\/www.potez.com\/es\/#website","url":"https:\/\/www.potez.com\/es\/","name":"Potez A\u00e9ronautique","description":"L&#039;innovation en h\u00e9ritage","potentialAction":[{"@type":"SearchAction","target":{"@type":"EntryPoint","urlTemplate":"https:\/\/www.potez.com\/es\/?s={search_term_string}"},"query-input":{"@type":"PropertyValueSpecification","valueRequired":true,"valueName":"search_term_string"}}],"inLanguage":"es"},{"@type":"Person","@id":"https:\/\/www.potez.com\/es\/#\/schema\/person\/d876f086b710b7d1fe07e232f60b35f1","name":"Jean-Baptiste Levesque ADMIN","image":{"@type":"ImageObject","inLanguage":"es","@id":"https:\/\/secure.gravatar.com\/avatar\/3d6aa295287b2c4162e53d752a926af8b4dccf4f6cd6f37ab07351c2aa16791c?s=96&d=mm&r=g","url":"https:\/\/secure.gravatar.com\/avatar\/3d6aa295287b2c4162e53d752a926af8b4dccf4f6cd6f37ab07351c2aa16791c?s=96&d=mm&r=g","contentUrl":"https:\/\/secure.gravatar.com\/avatar\/3d6aa295287b2c4162e53d752a926af8b4dccf4f6cd6f37ab07351c2aa16791c?s=96&d=mm&r=g","caption":"Jean-Baptiste Levesque ADMIN"}}]}},"_links":{"self":[{"href":"https:\/\/www.potez.com\/es\/wp-json\/wp\/v2\/posts\/4271","targetHints":{"allow":["GET"]}}],"collection":[{"href":"https:\/\/www.potez.com\/es\/wp-json\/wp\/v2\/posts"}],"about":[{"href":"https:\/\/www.potez.com\/es\/wp-json\/wp\/v2\/types\/post"}],"author":[{"embeddable":true,"href":"https:\/\/www.potez.com\/es\/wp-json\/wp\/v2\/users\/2"}],"replies":[{"embeddable":true,"href":"https:\/\/www.potez.com\/es\/wp-json\/wp\/v2\/comments?post=4271"}],"version-history":[{"count":0,"href":"https:\/\/www.potez.com\/es\/wp-json\/wp\/v2\/posts\/4271\/revisions"}],"wp:featuredmedia":[{"embeddable":true,"href":"https:\/\/www.potez.com\/es\/wp-json\/wp\/v2\/media\/4275"}],"wp:attachment":[{"href":"https:\/\/www.potez.com\/es\/wp-json\/wp\/v2\/media?parent=4271"}],"wp:term":[{"taxonomy":"category","embeddable":true,"href":"https:\/\/www.potez.com\/es\/wp-json\/wp\/v2\/categories?post=4271"},{"taxonomy":"post_tag","embeddable":true,"href":"https:\/\/www.potez.com\/es\/wp-json\/wp\/v2\/tags?post=4271"}],"curies":[{"name":"wp","href":"https:\/\/api.w.org\/{rel}","templated":true}]}}