{"id":4896,"date":"2023-04-04T07:29:00","date_gmt":"2023-04-04T07:29:00","guid":{"rendered":"https:\/\/www.potez.com\/employment-event-at-the-synergie-aero-et-spatial-show-in-toulouse\/"},"modified":"2023-07-21T07:54:00","modified_gmt":"2023-07-21T07:54:00","slug":"employment-event-at-the-synergie-aero-et-spatial-show-in-toulouse","status":"publish","type":"post","link":"https:\/\/www.potez.com\/en\/employment-event-at-the-synergie-aero-et-spatial-show-in-toulouse\/","title":{"rendered":"EMPLOYMENT EVENT AT THE SYNERGIE A\u00c9RO ET SPATIAL SHOW IN TOULOUSE"},"content":{"rendered":"\n<p><strong>On Tuesday March 14, POTEZ A\u00c9RONAUTIQUE took part in the <a href=\"https:\/\/www.synergie.aero\/\">Synergie A\u00e9ro et Spatial<\/a> trade show in Toulouse, at the legendary Ernest Wallon stadium.<\/strong><\/p>\n\n<p>POTEZ A\u00c9RONAUTIQUE had the opportunity to showcase its rich history, expertise and experience in the aerospace field. The major challenge was to present its business lines and recruitment needs: POTEZ A\u00c9RONAUTIQUE was able to attract the attention of industry professionals and establish valuable contacts. POTEZ A\u00c9RONAUTIQUE was able to attract the attention of industry professionals and establish valuable contacts. <\/p>\n\n<p>There are still a number of sessions to come for our fitter\/assembler, controller and aeronautical sheet metal smith training courses. <\/p>\n\n<p>All these training courses are <a href=\"https:\/\/www.afpma.fr\/les-certificats-qualification-paritaire-cqp\/#:~:text=CQPM%20%2D%20CERTIFICAT%20DE%20QUALIFICATION%20PARITAIRE,des%20acquis%20de%20l%27exp&#xE9;rience.\">CQPM<\/a>-certified, professionalizing and remunerated.&#13;\n&#13;\nShould any candidates be unable to attend the show, POTEZ A\u00c9RONAUTIQUE will be happy to post all its job offers on its website, which can be accessed via this link:&#13;\n&#13;\n<a href=\"https:\/\/lnkd.in\/eGeTPBsW\">https:\/\/lnkd.in\/eGeTPBsW<\/a><\/p>\n","protected":false},"excerpt":{"rendered":"<p>On Tuesday March 14, POTEZ A\u00c9RONAUTIQUE took part in the Synergie A\u00e9ro et Spatial trade show in Toulouse, at the legendary Ernest Wallon stadium.<\/p>\n","protected":false},"author":12,"featured_media":4650,"comment_status":"closed","ping_status":"closed","sticky":false,"template":"","format":"standard","meta":{"_acf_changed":false,"footnotes":""},"categories":[27,2],"tags":[208,55,209],"class_list":["post-4896","post","type-post","status-publish","format-standard","has-post-thumbnail","hentry","category-careers-en","category-general-en","tag-potez-aeronautique-2-en","tag-recrutement-en","tag-salon-aeronautique-en"],"acf":[],"yoast_head":"<!-- This site is optimized with the Yoast SEO plugin v27.5 - https:\/\/yoast.com\/product\/yoast-seo-wordpress\/ -->\n<title>Employment event &#187; Potez A\u00e9ronautique<\/title>\n<meta name=\"description\" content=\"POTEZ A\u00c9RONAUTIQUE took part in the Synergie A\u00e9ro et Spatial trade show in Toulouse, at the legendary Ernest Wallon stadium. &#187; Potez A\u00e9ronautique\" \/>\n<meta name=\"robots\" content=\"index, follow, max-snippet:-1, max-image-preview:large, max-video-preview:-1\" \/>\n<link rel=\"canonical\" href=\"https:\/\/www.potez.com\/en\/employment-event-at-the-synergie-aero-et-spatial-show-in-toulouse\/\" \/>\n<meta property=\"og:locale\" content=\"en_GB\" \/>\n<meta property=\"og:type\" content=\"article\" \/>\n<meta property=\"og:title\" content=\"Employment event &#187; Potez A\u00e9ronautique\" \/>\n<meta property=\"og:description\" content=\"POTEZ A\u00c9RONAUTIQUE took part in the Synergie A\u00e9ro et Spatial trade show in Toulouse, at the legendary Ernest Wallon stadium. &#187; Potez A\u00e9ronautique\" \/>\n<meta property=\"og:url\" content=\"https:\/\/www.potez.com\/en\/employment-event-at-the-synergie-aero-et-spatial-show-in-toulouse\/\" \/>\n<meta property=\"og:site_name\" content=\"Potez A\u00e9ronautique\" \/>\n<meta property=\"article:published_time\" content=\"2023-04-04T07:29:00+00:00\" \/>\n<meta property=\"article:modified_time\" content=\"2023-07-21T07:54:00+00:00\" \/>\n<meta property=\"og:image\" content=\"https:\/\/www.potez.com\/wp-content\/uploads\/2023\/04\/Aero-e1687876770747.jpeg\" \/>\n\t<meta property=\"og:image:width\" content=\"1344\" \/>\n\t<meta property=\"og:image:height\" content=\"756\" \/>\n\t<meta property=\"og:image:type\" content=\"image\/jpeg\" \/>\n<meta name=\"author\" content=\"Pauline Rouillard\" \/>\n<meta name=\"twitter:card\" content=\"summary_large_image\" \/>\n<meta name=\"twitter:label1\" content=\"Written by\" \/>\n\t<meta name=\"twitter:data1\" content=\"Pauline Rouillard\" \/>\n\t<meta name=\"twitter:label2\" content=\"Estimated reading time\" \/>\n\t<meta name=\"twitter:data2\" content=\"1 minute\" \/>\n<script type=\"application\/ld+json\" class=\"yoast-schema-graph\">{\"@context\":\"https:\\\/\\\/schema.org\",\"@graph\":[{\"@type\":\"Article\",\"@id\":\"https:\\\/\\\/www.potez.com\\\/en\\\/employment-event-at-the-synergie-aero-et-spatial-show-in-toulouse\\\/#article\",\"isPartOf\":{\"@id\":\"https:\\\/\\\/www.potez.com\\\/en\\\/employment-event-at-the-synergie-aero-et-spatial-show-in-toulouse\\\/\"},\"author\":{\"name\":\"Pauline Rouillard\",\"@id\":\"https:\\\/\\\/www.potez.com\\\/en\\\/#\\\/schema\\\/person\\\/f487fdd14dc4d1344323aee601666900\"},\"headline\":\"EMPLOYMENT EVENT AT THE SYNERGIE A\u00c9RO ET SPATIAL SHOW IN TOULOUSE\",\"datePublished\":\"2023-04-04T07:29:00+00:00\",\"dateModified\":\"2023-07-21T07:54:00+00:00\",\"mainEntityOfPage\":{\"@id\":\"https:\\\/\\\/www.potez.com\\\/en\\\/employment-event-at-the-synergie-aero-et-spatial-show-in-toulouse\\\/\"},\"wordCount\":164,\"image\":{\"@id\":\"https:\\\/\\\/www.potez.com\\\/en\\\/employment-event-at-the-synergie-aero-et-spatial-show-in-toulouse\\\/#primaryimage\"},\"thumbnailUrl\":\"https:\\\/\\\/www.potez.com\\\/wp-content\\\/uploads\\\/2023\\\/04\\\/Aero-e1687876770747.jpeg\",\"keywords\":[\"Potez A\u00e9ronautique\",\"Recrutement\",\"salon a\u00e9ronautique\"],\"articleSection\":[\"CAREERS\",\"GENERAL\"],\"inLanguage\":\"en-GB\"},{\"@type\":\"WebPage\",\"@id\":\"https:\\\/\\\/www.potez.com\\\/en\\\/employment-event-at-the-synergie-aero-et-spatial-show-in-toulouse\\\/\",\"url\":\"https:\\\/\\\/www.potez.com\\\/en\\\/employment-event-at-the-synergie-aero-et-spatial-show-in-toulouse\\\/\",\"name\":\"Employment event &#187; Potez A\u00e9ronautique\",\"isPartOf\":{\"@id\":\"https:\\\/\\\/www.potez.com\\\/en\\\/#website\"},\"primaryImageOfPage\":{\"@id\":\"https:\\\/\\\/www.potez.com\\\/en\\\/employment-event-at-the-synergie-aero-et-spatial-show-in-toulouse\\\/#primaryimage\"},\"image\":{\"@id\":\"https:\\\/\\\/www.potez.com\\\/en\\\/employment-event-at-the-synergie-aero-et-spatial-show-in-toulouse\\\/#primaryimage\"},\"thumbnailUrl\":\"https:\\\/\\\/www.potez.com\\\/wp-content\\\/uploads\\\/2023\\\/04\\\/Aero-e1687876770747.jpeg\",\"datePublished\":\"2023-04-04T07:29:00+00:00\",\"dateModified\":\"2023-07-21T07:54:00+00:00\",\"author\":{\"@id\":\"https:\\\/\\\/www.potez.com\\\/en\\\/#\\\/schema\\\/person\\\/f487fdd14dc4d1344323aee601666900\"},\"description\":\"POTEZ A\u00c9RONAUTIQUE took part in the Synergie A\u00e9ro et Spatial trade show in Toulouse, at the legendary Ernest Wallon stadium. &#187; Potez A\u00e9ronautique\",\"breadcrumb\":{\"@id\":\"https:\\\/\\\/www.potez.com\\\/en\\\/employment-event-at-the-synergie-aero-et-spatial-show-in-toulouse\\\/#breadcrumb\"},\"inLanguage\":\"en-GB\",\"potentialAction\":[{\"@type\":\"ReadAction\",\"target\":[\"https:\\\/\\\/www.potez.com\\\/en\\\/employment-event-at-the-synergie-aero-et-spatial-show-in-toulouse\\\/\"]}]},{\"@type\":\"ImageObject\",\"inLanguage\":\"en-GB\",\"@id\":\"https:\\\/\\\/www.potez.com\\\/en\\\/employment-event-at-the-synergie-aero-et-spatial-show-in-toulouse\\\/#primaryimage\",\"url\":\"https:\\\/\\\/www.potez.com\\\/wp-content\\\/uploads\\\/2023\\\/04\\\/Aero-e1687876770747.jpeg\",\"contentUrl\":\"https:\\\/\\\/www.potez.com\\\/wp-content\\\/uploads\\\/2023\\\/04\\\/Aero-e1687876770747.jpeg\",\"width\":1344,\"height\":756},{\"@type\":\"BreadcrumbList\",\"@id\":\"https:\\\/\\\/www.potez.com\\\/en\\\/employment-event-at-the-synergie-aero-et-spatial-show-in-toulouse\\\/#breadcrumb\",\"itemListElement\":[{\"@type\":\"ListItem\",\"position\":1,\"name\":\"HOME\",\"item\":\"https:\\\/\\\/www.potez.com\\\/en\\\/\"},{\"@type\":\"ListItem\",\"position\":2,\"name\":\"EMPLOYMENT EVENT AT THE SYNERGIE A\u00c9RO ET SPATIAL SHOW IN TOULOUSE\"}]},{\"@type\":\"WebSite\",\"@id\":\"https:\\\/\\\/www.potez.com\\\/en\\\/#website\",\"url\":\"https:\\\/\\\/www.potez.com\\\/en\\\/\",\"name\":\"Potez A\u00e9ronautique\",\"description\":\"L&#039;innovation en h\u00e9ritage\",\"potentialAction\":[{\"@type\":\"SearchAction\",\"target\":{\"@type\":\"EntryPoint\",\"urlTemplate\":\"https:\\\/\\\/www.potez.com\\\/en\\\/?s={search_term_string}\"},\"query-input\":{\"@type\":\"PropertyValueSpecification\",\"valueRequired\":true,\"valueName\":\"search_term_string\"}}],\"inLanguage\":\"en-GB\"},{\"@type\":\"Person\",\"@id\":\"https:\\\/\\\/www.potez.com\\\/en\\\/#\\\/schema\\\/person\\\/f487fdd14dc4d1344323aee601666900\",\"name\":\"Pauline Rouillard\",\"image\":{\"@type\":\"ImageObject\",\"inLanguage\":\"en-GB\",\"@id\":\"https:\\\/\\\/secure.gravatar.com\\\/avatar\\\/84b242ed9994e836207158cdeab3d35f0ba7782290109d0471d0c25f9b4816af?s=96&d=mm&r=g\",\"url\":\"https:\\\/\\\/secure.gravatar.com\\\/avatar\\\/84b242ed9994e836207158cdeab3d35f0ba7782290109d0471d0c25f9b4816af?s=96&d=mm&r=g\",\"contentUrl\":\"https:\\\/\\\/secure.gravatar.com\\\/avatar\\\/84b242ed9994e836207158cdeab3d35f0ba7782290109d0471d0c25f9b4816af?s=96&d=mm&r=g\",\"caption\":\"Pauline Rouillard\"}}]}<\/script>\n<!-- \/ Yoast SEO plugin. -->","yoast_head_json":{"title":"Employment event &#187; Potez A\u00e9ronautique","description":"POTEZ A\u00c9RONAUTIQUE took part in the Synergie A\u00e9ro et Spatial trade show in Toulouse, at the legendary Ernest Wallon stadium. &#187; Potez A\u00e9ronautique","robots":{"index":"index","follow":"follow","max-snippet":"max-snippet:-1","max-image-preview":"max-image-preview:large","max-video-preview":"max-video-preview:-1"},"canonical":"https:\/\/www.potez.com\/en\/employment-event-at-the-synergie-aero-et-spatial-show-in-toulouse\/","og_locale":"en_GB","og_type":"article","og_title":"Employment event &#187; Potez A\u00e9ronautique","og_description":"POTEZ A\u00c9RONAUTIQUE took part in the Synergie A\u00e9ro et Spatial trade show in Toulouse, at the legendary Ernest Wallon stadium. &#187; Potez A\u00e9ronautique","og_url":"https:\/\/www.potez.com\/en\/employment-event-at-the-synergie-aero-et-spatial-show-in-toulouse\/","og_site_name":"Potez A\u00e9ronautique","article_published_time":"2023-04-04T07:29:00+00:00","article_modified_time":"2023-07-21T07:54:00+00:00","og_image":[{"width":1344,"height":756,"url":"https:\/\/www.potez.com\/wp-content\/uploads\/2023\/04\/Aero-e1687876770747.jpeg","type":"image\/jpeg"}],"author":"Pauline Rouillard","twitter_card":"summary_large_image","twitter_misc":{"Written by":"Pauline Rouillard","Estimated reading time":"1 minute"},"schema":{"@context":"https:\/\/schema.org","@graph":[{"@type":"Article","@id":"https:\/\/www.potez.com\/en\/employment-event-at-the-synergie-aero-et-spatial-show-in-toulouse\/#article","isPartOf":{"@id":"https:\/\/www.potez.com\/en\/employment-event-at-the-synergie-aero-et-spatial-show-in-toulouse\/"},"author":{"name":"Pauline Rouillard","@id":"https:\/\/www.potez.com\/en\/#\/schema\/person\/f487fdd14dc4d1344323aee601666900"},"headline":"EMPLOYMENT EVENT AT THE SYNERGIE A\u00c9RO ET SPATIAL SHOW IN TOULOUSE","datePublished":"2023-04-04T07:29:00+00:00","dateModified":"2023-07-21T07:54:00+00:00","mainEntityOfPage":{"@id":"https:\/\/www.potez.com\/en\/employment-event-at-the-synergie-aero-et-spatial-show-in-toulouse\/"},"wordCount":164,"image":{"@id":"https:\/\/www.potez.com\/en\/employment-event-at-the-synergie-aero-et-spatial-show-in-toulouse\/#primaryimage"},"thumbnailUrl":"https:\/\/www.potez.com\/wp-content\/uploads\/2023\/04\/Aero-e1687876770747.jpeg","keywords":["Potez A\u00e9ronautique","Recrutement","salon a\u00e9ronautique"],"articleSection":["CAREERS","GENERAL"],"inLanguage":"en-GB"},{"@type":"WebPage","@id":"https:\/\/www.potez.com\/en\/employment-event-at-the-synergie-aero-et-spatial-show-in-toulouse\/","url":"https:\/\/www.potez.com\/en\/employment-event-at-the-synergie-aero-et-spatial-show-in-toulouse\/","name":"Employment event &#187; Potez A\u00e9ronautique","isPartOf":{"@id":"https:\/\/www.potez.com\/en\/#website"},"primaryImageOfPage":{"@id":"https:\/\/www.potez.com\/en\/employment-event-at-the-synergie-aero-et-spatial-show-in-toulouse\/#primaryimage"},"image":{"@id":"https:\/\/www.potez.com\/en\/employment-event-at-the-synergie-aero-et-spatial-show-in-toulouse\/#primaryimage"},"thumbnailUrl":"https:\/\/www.potez.com\/wp-content\/uploads\/2023\/04\/Aero-e1687876770747.jpeg","datePublished":"2023-04-04T07:29:00+00:00","dateModified":"2023-07-21T07:54:00+00:00","author":{"@id":"https:\/\/www.potez.com\/en\/#\/schema\/person\/f487fdd14dc4d1344323aee601666900"},"description":"POTEZ A\u00c9RONAUTIQUE took part in the Synergie A\u00e9ro et Spatial trade show in Toulouse, at the legendary Ernest Wallon stadium. &#187; Potez A\u00e9ronautique","breadcrumb":{"@id":"https:\/\/www.potez.com\/en\/employment-event-at-the-synergie-aero-et-spatial-show-in-toulouse\/#breadcrumb"},"inLanguage":"en-GB","potentialAction":[{"@type":"ReadAction","target":["https:\/\/www.potez.com\/en\/employment-event-at-the-synergie-aero-et-spatial-show-in-toulouse\/"]}]},{"@type":"ImageObject","inLanguage":"en-GB","@id":"https:\/\/www.potez.com\/en\/employment-event-at-the-synergie-aero-et-spatial-show-in-toulouse\/#primaryimage","url":"https:\/\/www.potez.com\/wp-content\/uploads\/2023\/04\/Aero-e1687876770747.jpeg","contentUrl":"https:\/\/www.potez.com\/wp-content\/uploads\/2023\/04\/Aero-e1687876770747.jpeg","width":1344,"height":756},{"@type":"BreadcrumbList","@id":"https:\/\/www.potez.com\/en\/employment-event-at-the-synergie-aero-et-spatial-show-in-toulouse\/#breadcrumb","itemListElement":[{"@type":"ListItem","position":1,"name":"HOME","item":"https:\/\/www.potez.com\/en\/"},{"@type":"ListItem","position":2,"name":"EMPLOYMENT EVENT AT THE SYNERGIE A\u00c9RO ET SPATIAL SHOW IN TOULOUSE"}]},{"@type":"WebSite","@id":"https:\/\/www.potez.com\/en\/#website","url":"https:\/\/www.potez.com\/en\/","name":"Potez A\u00e9ronautique","description":"L&#039;innovation en h\u00e9ritage","potentialAction":[{"@type":"SearchAction","target":{"@type":"EntryPoint","urlTemplate":"https:\/\/www.potez.com\/en\/?s={search_term_string}"},"query-input":{"@type":"PropertyValueSpecification","valueRequired":true,"valueName":"search_term_string"}}],"inLanguage":"en-GB"},{"@type":"Person","@id":"https:\/\/www.potez.com\/en\/#\/schema\/person\/f487fdd14dc4d1344323aee601666900","name":"Pauline Rouillard","image":{"@type":"ImageObject","inLanguage":"en-GB","@id":"https:\/\/secure.gravatar.com\/avatar\/84b242ed9994e836207158cdeab3d35f0ba7782290109d0471d0c25f9b4816af?s=96&d=mm&r=g","url":"https:\/\/secure.gravatar.com\/avatar\/84b242ed9994e836207158cdeab3d35f0ba7782290109d0471d0c25f9b4816af?s=96&d=mm&r=g","contentUrl":"https:\/\/secure.gravatar.com\/avatar\/84b242ed9994e836207158cdeab3d35f0ba7782290109d0471d0c25f9b4816af?s=96&d=mm&r=g","caption":"Pauline Rouillard"}}]}},"_links":{"self":[{"href":"https:\/\/www.potez.com\/en\/wp-json\/wp\/v2\/posts\/4896","targetHints":{"allow":["GET"]}}],"collection":[{"href":"https:\/\/www.potez.com\/en\/wp-json\/wp\/v2\/posts"}],"about":[{"href":"https:\/\/www.potez.com\/en\/wp-json\/wp\/v2\/types\/post"}],"author":[{"embeddable":true,"href":"https:\/\/www.potez.com\/en\/wp-json\/wp\/v2\/users\/12"}],"replies":[{"embeddable":true,"href":"https:\/\/www.potez.com\/en\/wp-json\/wp\/v2\/comments?post=4896"}],"version-history":[{"count":0,"href":"https:\/\/www.potez.com\/en\/wp-json\/wp\/v2\/posts\/4896\/revisions"}],"wp:featuredmedia":[{"embeddable":true,"href":"https:\/\/www.potez.com\/en\/wp-json\/wp\/v2\/media\/4650"}],"wp:attachment":[{"href":"https:\/\/www.potez.com\/en\/wp-json\/wp\/v2\/media?parent=4896"}],"wp:term":[{"taxonomy":"category","embeddable":true,"href":"https:\/\/www.potez.com\/en\/wp-json\/wp\/v2\/categories?post=4896"},{"taxonomy":"post_tag","embeddable":true,"href":"https:\/\/www.potez.com\/en\/wp-json\/wp\/v2\/tags?post=4896"}],"curies":[{"name":"wp","href":"https:\/\/api.w.org\/{rel}","templated":true}]}}